{"id":256371,"date":"2025-07-08T13:22:56","date_gmt":"2025-07-08T16:22:56","guid":{"rendered":"https:\/\/www.redenoticia.com.br\/noticia\/?p=256371"},"modified":"2025-07-08T13:22:56","modified_gmt":"2025-07-08T16:22:56","slug":"resumo-vale-tudo-09-07-celina-propoe-sociedade-fantasma-na-paladar","status":"publish","type":"post","link":"https:\/\/www.redenoticia.com.br\/noticia\/2025\/resumo-vale-tudo-09-07-celina-propoe-sociedade-fantasma-na-paladar\/256371","title":{"rendered":"Resumo &#8220;Vale Tudo&#8221; 09\/07: Celina prop\u00f5e sociedade fantasma na Paladar"},"content":{"rendered":"<p> <img loading=\"lazy\" decoding=\"async\" src=\"https:\/\/www.redenoticia.com.br\/noticia\/imagens\/vale-tudo-resumo-elenco.jpg\" alt=\"\" width=\"1280\" height=\"720\" class=\"aligncenter size-full wp-image-253278\" srcset=\"https:\/\/www.redenoticia.com.br\/noticia\/imagens\/vale-tudo-resumo-elenco.jpg 1280w, https:\/\/www.redenoticia.com.br\/noticia\/imagens\/vale-tudo-resumo-elenco-250x140.jpg 250w, https:\/\/www.redenoticia.com.br\/noticia\/imagens\/vale-tudo-resumo-elenco-400x225.jpg 400w, https:\/\/www.redenoticia.com.br\/noticia\/imagens\/vale-tudo-resumo-elenco-768x432.jpg 768w, https:\/\/www.redenoticia.com.br\/noticia\/imagens\/vale-tudo-resumo-elenco-150x85.jpg 150w\" sizes=\"auto, (max-width: 1280px) 100vw, 1280px\" \/><\/p>\n<p><strong><em>Resumo da novela &#8220;Vale Tudo&#8221;<\/em><\/strong> em 09\/07: no cap\u00edtulo 087(*) da novela, Raquel rasga o vestido de noiva de Maria de F\u00e1tima. Maria de F\u00e1tima conversa com C\u00e9sar, se mostrando abalada pelo epis\u00f3dio com a m\u00e3e. Afonso age de forma protetora ao saber por Maria de F\u00e1tima do ocorrido. Maria de F\u00e1tima segue as orienta\u00e7\u00f5es de Odete para conquistar Celina. Celina fica chocada ao saber por Cec\u00edlia que foi Maria de F\u00e1tima quem roubou os documentos de Sarita.<\/p>\n<p>Odete n\u00e3o d\u00e1 import\u00e2ncia para a preocupa\u00e7\u00e3o de Celina com o car\u00e1ter duvidoso de Maria de F\u00e1tima. Alde\u00edde e Laudelino avisam a Poliana que ter\u00e3o de vender a Paladar para outro interessado. Afonso diz a Odete que n\u00e3o gostou da contrata\u00e7\u00e3o de M\u00e1rio S\u00e9rgio. Celina prop\u00f5e a Raquel e a Poliana uma sociedade fantasma na Paladar. Solange fica levemente abalada com a presen\u00e7a de Afonso na Tomorrow. Odete estranha o fato de Raquel estar ligando para Celina.  <\/p>\n<p>(*) edi\u00e7\u00e3o das novelas da Globo, &#8220;Vale Tudo&#8221;, sujeito a altera\u00e7\u00e3o de data e conte\u00fado.<\/p>\n<p>Sinopse &#8220;Vale Tudo&#8221;: F\u00e1tima \u00e9 o oposto da m\u00e3e: \u00e9 inescrupulosa, tem horror \u00e0 pobreza e far\u00e1 de tudo para enriquecer. No Rio, ela se envolve com C\u00e9sar Ribeiro, ex-modelo que teve o mundo das passarelas aos seus p\u00e9s, e que agora \u00e9 garoto de programa. Raquel parte para o Rio \u00e0 procura da filha e conhece o administrador de empresas Ivan: os dois se apaixonam e constroem uma rela\u00e7\u00e3o. Para ganhar a vida, ela come\u00e7a a vender sandu\u00edches na praia. A trama passa ent\u00e3o a mostrar a dualidade: Maria de F\u00e1tima rica com o casamento arranjado e enganando todos ao seu redor, enquanto Raquel, vendendo sandu\u00edches na praia, acaba subindo na vida e, de maneira honesta, vira dona de uma rede de restaurantes industriais e se torna uma mulher rica, mas sem esquecer dos seus princ\u00edpios. <\/p>\n","protected":false},"excerpt":{"rendered":"<p>Resumo da novela &#8220;Vale Tudo&#8221; em 09\/07: no cap\u00edtulo 087(*) da novela, Raquel rasga o vestido de noiva de Maria de F\u00e1tima. Maria de F\u00e1tima conversa com C\u00e9sar, se mostrando abalada pelo epis\u00f3dio com a m\u00e3e. Afonso age de forma protetora ao saber por Maria de F\u00e1tima do ocorrido. Maria de F\u00e1tima segue as orienta\u00e7\u00f5es [&hellip;]<\/p>\n","protected":false},"author":2,"featured_media":253277,"comment_status":"closed","ping_status":"closed","sticky":false,"template":"","format":"standard","meta":{"_genesis_hide_title":false,"_genesis_hide_breadcrumbs":false,"_genesis_hide_singular_image":false,"_genesis_hide_footer_widgets":false,"_genesis_custom_body_class":"","_genesis_custom_post_class":"","_genesis_layout":"","_jetpack_memberships_contains_paid_content":false,"footnotes":""},"categories":[379,375,2025,343,2339],"tags":[441],"class_list":{"0":"post-256371","1":"post","2":"type-post","3":"status-publish","4":"format-standard","5":"has-post-thumbnail","7":"category-novelas","8":"category-rede-globo","9":"category-resumo","10":"category-televisao","11":"category-vale-tudo","12":"tag-resumo-do-dia","13":"entry","14":"gs-1","15":"gs-odd","16":"gs-even","17":"gs-featured-content-entry"},"jetpack_featured_media_url":"https:\/\/www.redenoticia.com.br\/noticia\/imagens\/novela-vale-tudo-logo-resumo.jpg","jetpack_sharing_enabled":true,"jetpack_likes_enabled":true,"_links":{"self":[{"href":"https:\/\/www.redenoticia.com.br\/noticia\/wp-json\/wp\/v2\/posts\/256371","targetHints":{"allow":["GET"]}}],"collection":[{"href":"https:\/\/www.redenoticia.com.br\/noticia\/wp-json\/wp\/v2\/posts"}],"about":[{"href":"https:\/\/www.redenoticia.com.br\/noticia\/wp-json\/wp\/v2\/types\/post"}],"author":[{"embeddable":true,"href":"https:\/\/www.redenoticia.com.br\/noticia\/wp-json\/wp\/v2\/users\/2"}],"replies":[{"embeddable":true,"href":"https:\/\/www.redenoticia.com.br\/noticia\/wp-json\/wp\/v2\/comments?post=256371"}],"version-history":[{"count":0,"href":"https:\/\/www.redenoticia.com.br\/noticia\/wp-json\/wp\/v2\/posts\/256371\/revisions"}],"wp:featuredmedia":[{"embeddable":true,"href":"https:\/\/www.redenoticia.com.br\/noticia\/wp-json\/wp\/v2\/media\/253277"}],"wp:attachment":[{"href":"https:\/\/www.redenoticia.com.br\/noticia\/wp-json\/wp\/v2\/media?parent=256371"}],"wp:term":[{"taxonomy":"category","embeddable":true,"href":"https:\/\/www.redenoticia.com.br\/noticia\/wp-json\/wp\/v2\/categories?post=256371"},{"taxonomy":"post_tag","embeddable":true,"href":"https:\/\/www.redenoticia.com.br\/noticia\/wp-json\/wp\/v2\/tags?post=256371"}],"curies":[{"name":"wp","href":"https:\/\/api.w.org\/{rel}","templated":true}]}}