{"id":256298,"date":"2025-07-03T12:12:51","date_gmt":"2025-07-03T15:12:51","guid":{"rendered":"https:\/\/www.redenoticia.com.br\/noticia\/?p=256298"},"modified":"2025-07-03T12:12:51","modified_gmt":"2025-07-03T15:12:51","slug":"resumo-dona-de-mim-04-07-kami-afirma-a-ryan-que-nao-quer-se-reaproximar-dele","status":"publish","type":"post","link":"https:\/\/www.redenoticia.com.br\/noticia\/2025\/resumo-dona-de-mim-04-07-kami-afirma-a-ryan-que-nao-quer-se-reaproximar-dele\/256298","title":{"rendered":"Resumo &#8220;Dona de Mim&#8221; 04\/07: Kami afirma a Ryan que n\u00e3o quer se reaproximar dele"},"content":{"rendered":"<p> <img loading=\"lazy\" decoding=\"async\" src=\"https:\/\/www.redenoticia.com.br\/noticia\/imagens\/novela-dona-de-mim-resumo.jpg\" alt=\"\" width=\"1280\" height=\"720\" class=\"aligncenter size-full wp-image-254133\" srcset=\"https:\/\/www.redenoticia.com.br\/noticia\/imagens\/novela-dona-de-mim-resumo.jpg 1280w, https:\/\/www.redenoticia.com.br\/noticia\/imagens\/novela-dona-de-mim-resumo-250x140.jpg 250w, https:\/\/www.redenoticia.com.br\/noticia\/imagens\/novela-dona-de-mim-resumo-400x225.jpg 400w, https:\/\/www.redenoticia.com.br\/noticia\/imagens\/novela-dona-de-mim-resumo-768x432.jpg 768w, https:\/\/www.redenoticia.com.br\/noticia\/imagens\/novela-dona-de-mim-resumo-150x85.jpg 150w\" sizes=\"auto, (max-width: 1280px) 100vw, 1280px\" \/> <\/p>\n<p><strong><em>Resumo da novela &#8220;Dona de Mim&#8221;<\/em><\/strong> em 04\/07: no cap\u00edtulo 059(*) da novela, Jaques desconfia da inten\u00e7\u00e3o de Abel ao contratar Rebeca e dispensar Ricardo no caso de Vanderson. Alan mant\u00e9m a deten\u00e7\u00e3o de Marlon e Adriano. Ryan deixa a pris\u00e3o com Yuri. Kami espera por Marlon na festa junina. Jaques afirma que Abel n\u00e3o confia mais em Ricardo. Nina observa Filipa com Sofia. Lucas beija Dara. Filipa decide fazer uma festa de boas-vindas para Nina. T\u00e2nia confronta Jaques por contratar Vanderson para segui-la. Ryan surge no meio da festa junina, e todos se surpreendem. Kami tenta falar com Marlon. Fabiana pede que Ryan limpe o sal\u00e3o. Lucas encontra Ryan. Kami pede para conversar com Ryan.<\/p>\n<p>Kami afirma a Ryan que n\u00e3o quer se reaproximar dele. Rosa se surpreende com a defesa que Jaques faz de Vanderson. Jaques provoca Sofia, e Leo o ataca. Samuel aprova a atitude de Leo. Nina disfar\u00e7a sua liga\u00e7\u00e3o com Deco. Leo encontra um novo poema de Samuel e o questiona sobre seus sentimentos. Rosa pede que Abel e Jaques parem de brigar. Davi promove uma festa na casa de Ayla e Gisele, sem o consentimento do casal. Marlon e Adriano s\u00e3o liberados da deten\u00e7\u00e3o. Jaques prop\u00f5e que Danilo seja o motorista de Rosa. Ded\u00e9 conta a Marlon que conheceu Ryan. Leo confessa a Stephany que acredita que Samuel goste dela. Abel descobre que Vanderson est\u00e1 movendo uma a\u00e7\u00e3o pelo reconhecimento da paternidade de Sofia.  <\/p>\n<p>(*) edi\u00e7\u00e3o das novelas da Globo, &#8220;Dona de Mim&#8221;, sujeito a altera\u00e7\u00e3o de data e conte\u00fado.<\/p>\n<p>Sinopse &#8220;Dona de Mim&#8221;: Esta \u00e9 a hist\u00f3ria de L\u00e9o (Clara Moneke), uma jovem humorada, batalhadora e determinada, que vive passando por perrengues financeiros e que convive com uma dor imensa que tenta a todo custo n\u00e3o revelar. No passado, era estudante de Publicidade, quando ia se casar com Marlon (Humberto Morais), gr\u00e1vida de seis meses de Sophya, sua primeira filha. No entanto, Leona viu seu mundo desabar quando descobre que sofreu um aborto espont\u00e2neo, causando o fim de seu relacionamento com o rapaz. Seis anos depois, a dupla se reencontra, mas agora, L\u00e9o passou a se aventurar em desafios mal-sucedidos para ganhar dinheiro f\u00e1cil, enquanto Marlon segue determinado com o seu sonho de se tornar Policial Militar.<\/p>\n","protected":false},"excerpt":{"rendered":"<p>Resumo da novela &#8220;Dona de Mim&#8221; em 04\/07: no cap\u00edtulo 059(*) da novela, Jaques desconfia da inten\u00e7\u00e3o de Abel ao contratar Rebeca e dispensar Ricardo no caso de Vanderson. Alan mant\u00e9m a deten\u00e7\u00e3o de Marlon e Adriano. Ryan deixa a pris\u00e3o com Yuri. Kami espera por Marlon na festa junina. Jaques afirma que Abel n\u00e3o [&hellip;]<\/p>\n","protected":false},"author":3,"featured_media":254132,"comment_status":"closed","ping_status":"closed","sticky":false,"template":"","format":"standard","meta":{"_genesis_hide_title":false,"_genesis_hide_breadcrumbs":false,"_genesis_hide_singular_image":false,"_genesis_hide_footer_widgets":false,"_genesis_custom_body_class":"","_genesis_custom_post_class":"","_genesis_layout":"","_jetpack_memberships_contains_paid_content":false,"footnotes":""},"categories":[2341,379,375,2025,343],"tags":[441],"class_list":{"0":"post-256298","1":"post","2":"type-post","3":"status-publish","4":"format-standard","5":"has-post-thumbnail","7":"category-dona-de-mim","8":"category-novelas","9":"category-rede-globo","10":"category-resumo","11":"category-televisao","12":"tag-resumo-do-dia","13":"entry","14":"gs-1","15":"gs-odd","16":"gs-even","17":"gs-featured-content-entry"},"jetpack_featured_media_url":"https:\/\/www.redenoticia.com.br\/noticia\/imagens\/novela-dona-de-mim-resumo-elenco-personagens.jpg","jetpack_sharing_enabled":true,"jetpack_likes_enabled":true,"_links":{"self":[{"href":"https:\/\/www.redenoticia.com.br\/noticia\/wp-json\/wp\/v2\/posts\/256298","targetHints":{"allow":["GET"]}}],"collection":[{"href":"https:\/\/www.redenoticia.com.br\/noticia\/wp-json\/wp\/v2\/posts"}],"about":[{"href":"https:\/\/www.redenoticia.com.br\/noticia\/wp-json\/wp\/v2\/types\/post"}],"author":[{"embeddable":true,"href":"https:\/\/www.redenoticia.com.br\/noticia\/wp-json\/wp\/v2\/users\/3"}],"replies":[{"embeddable":true,"href":"https:\/\/www.redenoticia.com.br\/noticia\/wp-json\/wp\/v2\/comments?post=256298"}],"version-history":[{"count":0,"href":"https:\/\/www.redenoticia.com.br\/noticia\/wp-json\/wp\/v2\/posts\/256298\/revisions"}],"wp:featuredmedia":[{"embeddable":true,"href":"https:\/\/www.redenoticia.com.br\/noticia\/wp-json\/wp\/v2\/media\/254132"}],"wp:attachment":[{"href":"https:\/\/www.redenoticia.com.br\/noticia\/wp-json\/wp\/v2\/media?parent=256298"}],"wp:term":[{"taxonomy":"category","embeddable":true,"href":"https:\/\/www.redenoticia.com.br\/noticia\/wp-json\/wp\/v2\/categories?post=256298"},{"taxonomy":"post_tag","embeddable":true,"href":"https:\/\/www.redenoticia.com.br\/noticia\/wp-json\/wp\/v2\/tags?post=256298"}],"curies":[{"name":"wp","href":"https:\/\/api.w.org\/{rel}","templated":true}]}}