{"id":256183,"date":"2025-06-30T14:13:14","date_gmt":"2025-06-30T17:13:14","guid":{"rendered":"https:\/\/www.redenoticia.com.br\/noticia\/?p=256183"},"modified":"2025-06-30T14:13:14","modified_gmt":"2025-06-30T17:13:14","slug":"resumo-dona-de-mim-01-07-samuel-e-leo-enfrentam-vanderson","status":"publish","type":"post","link":"https:\/\/www.redenoticia.com.br\/noticia\/2025\/resumo-dona-de-mim-01-07-samuel-e-leo-enfrentam-vanderson\/256183","title":{"rendered":"Resumo &#8220;Dona de Mim&#8221; 01\/07: Samuel e Leo enfrentam Vanderson"},"content":{"rendered":"<p> <img loading=\"lazy\" decoding=\"async\" src=\"https:\/\/www.redenoticia.com.br\/noticia\/imagens\/novela-dona-de-mim-resumo.jpg\" alt=\"\" width=\"1280\" height=\"720\" class=\"aligncenter size-full wp-image-254133\" srcset=\"https:\/\/www.redenoticia.com.br\/noticia\/imagens\/novela-dona-de-mim-resumo.jpg 1280w, https:\/\/www.redenoticia.com.br\/noticia\/imagens\/novela-dona-de-mim-resumo-250x140.jpg 250w, https:\/\/www.redenoticia.com.br\/noticia\/imagens\/novela-dona-de-mim-resumo-400x225.jpg 400w, https:\/\/www.redenoticia.com.br\/noticia\/imagens\/novela-dona-de-mim-resumo-768x432.jpg 768w, https:\/\/www.redenoticia.com.br\/noticia\/imagens\/novela-dona-de-mim-resumo-150x85.jpg 150w\" sizes=\"auto, (max-width: 1280px) 100vw, 1280px\" \/> <\/p>\n<p><strong><em>Resumo da novela &#8220;Dona de Mim&#8221;<\/em><\/strong> em 01\/07: no cap\u00edtulo 056(*) da novela, Abel repreende os filhos, e Ayla tenta acalmar os irm\u00e3os. Samuel questiona Ricardo sobre a auditoria fiscal da f\u00e1brica. Sofia faz um desenho de seus dois pais, e Leo se preocupa. Vanderson vai com Jaques at\u00e9 a sala de Abel, cobrar a paternidade biol\u00f3gica de Sofia. Ryan consegue sua liberdade, e Lucas pede que Danilo v\u00e1 com ele buscar o irm\u00e3o. Vanderson revela que jamais perdeu a mem\u00f3ria, e pressiona Jaques por dinheiro. Abel confidencia para Leo seu medo de perder Sofia. Samuel questiona Patr\u00edcia, que alerta Ricardo sobre o esquema de sonega\u00e7\u00e3o. Gisele aconselha Davi a lutar por Leo. Samuel v\u00ea Vanderson rondando a escola de Sofia.<\/p>\n<p>Samuel e Leo enfrentam Vanderson e acionam a pol\u00edcia, e o rapaz acaba fugindo. Davi v\u00ea Leo com Samuel e desabafa com Gisele e Ayla. Samuel conta a Abel sobre Vanderson, e Filipa aconselha o marido a pression\u00e1-lo. Abel anuncia a Jaques que entrou com uma medida protetiva contra Vanderson. Leo procura Davi, que afirma que jamais amar\u00e1 de novo. Kami repreende Lucas por prometer levar Ded\u00e9 para buscar Ryan. Danilo e Pam se beijam. Adriano e Marlon recebem uma puni\u00e7\u00e3o por transmitir um v\u00eddeo da a\u00e7\u00e3o policial sem autoriza\u00e7\u00e3o. Alan avisa a Jussara sobre a deten\u00e7\u00e3o de Marlon. Vanderson revela a T\u00e2nia que Jaques o paga para segui-la. Vanderson decide invadir a mans\u00e3o dos Boaz. <\/p>\n<p>(*) edi\u00e7\u00e3o das novelas da Globo, &#8220;Dona de Mim&#8221;, sujeito a altera\u00e7\u00e3o de data e conte\u00fado.<\/p>\n<p>Sinopse &#8220;Dona de Mim&#8221;: Esta \u00e9 a hist\u00f3ria de L\u00e9o (Clara Moneke), uma jovem humorada, batalhadora e determinada, que vive passando por perrengues financeiros e que convive com uma dor imensa que tenta a todo custo n\u00e3o revelar. No passado, era estudante de Publicidade, quando ia se casar com Marlon (Humberto Morais), gr\u00e1vida de seis meses de Sophya, sua primeira filha. No entanto, Leona viu seu mundo desabar quando descobre que sofreu um aborto espont\u00e2neo, causando o fim de seu relacionamento com o rapaz. Seis anos depois, a dupla se reencontra, mas agora, L\u00e9o passou a se aventurar em desafios mal-sucedidos para ganhar dinheiro f\u00e1cil, enquanto Marlon segue determinado com o seu sonho de se tornar Policial Militar.<\/p>\n","protected":false},"excerpt":{"rendered":"<p>Resumo da novela &#8220;Dona de Mim&#8221; em 01\/07: no cap\u00edtulo 056(*) da novela, Abel repreende os filhos, e Ayla tenta acalmar os irm\u00e3os. Samuel questiona Ricardo sobre a auditoria fiscal da f\u00e1brica. Sofia faz um desenho de seus dois pais, e Leo se preocupa. Vanderson vai com Jaques at\u00e9 a sala de Abel, cobrar a [&hellip;]<\/p>\n","protected":false},"author":3,"featured_media":254132,"comment_status":"closed","ping_status":"closed","sticky":false,"template":"","format":"standard","meta":{"_genesis_hide_title":false,"_genesis_hide_breadcrumbs":false,"_genesis_hide_singular_image":false,"_genesis_hide_footer_widgets":false,"_genesis_custom_body_class":"","_genesis_custom_post_class":"","_genesis_layout":"","_jetpack_memberships_contains_paid_content":false,"footnotes":""},"categories":[2341,379,375,2025,343],"tags":[441],"class_list":{"0":"post-256183","1":"post","2":"type-post","3":"status-publish","4":"format-standard","5":"has-post-thumbnail","7":"category-dona-de-mim","8":"category-novelas","9":"category-rede-globo","10":"category-resumo","11":"category-televisao","12":"tag-resumo-do-dia","13":"entry","14":"gs-1","15":"gs-odd","16":"gs-even","17":"gs-featured-content-entry"},"jetpack_featured_media_url":"https:\/\/www.redenoticia.com.br\/noticia\/imagens\/novela-dona-de-mim-resumo-elenco-personagens.jpg","jetpack_sharing_enabled":true,"jetpack_likes_enabled":true,"_links":{"self":[{"href":"https:\/\/www.redenoticia.com.br\/noticia\/wp-json\/wp\/v2\/posts\/256183","targetHints":{"allow":["GET"]}}],"collection":[{"href":"https:\/\/www.redenoticia.com.br\/noticia\/wp-json\/wp\/v2\/posts"}],"about":[{"href":"https:\/\/www.redenoticia.com.br\/noticia\/wp-json\/wp\/v2\/types\/post"}],"author":[{"embeddable":true,"href":"https:\/\/www.redenoticia.com.br\/noticia\/wp-json\/wp\/v2\/users\/3"}],"replies":[{"embeddable":true,"href":"https:\/\/www.redenoticia.com.br\/noticia\/wp-json\/wp\/v2\/comments?post=256183"}],"version-history":[{"count":0,"href":"https:\/\/www.redenoticia.com.br\/noticia\/wp-json\/wp\/v2\/posts\/256183\/revisions"}],"wp:featuredmedia":[{"embeddable":true,"href":"https:\/\/www.redenoticia.com.br\/noticia\/wp-json\/wp\/v2\/media\/254132"}],"wp:attachment":[{"href":"https:\/\/www.redenoticia.com.br\/noticia\/wp-json\/wp\/v2\/media?parent=256183"}],"wp:term":[{"taxonomy":"category","embeddable":true,"href":"https:\/\/www.redenoticia.com.br\/noticia\/wp-json\/wp\/v2\/categories?post=256183"},{"taxonomy":"post_tag","embeddable":true,"href":"https:\/\/www.redenoticia.com.br\/noticia\/wp-json\/wp\/v2\/tags?post=256183"}],"curies":[{"name":"wp","href":"https:\/\/api.w.org\/{rel}","templated":true}]}}