{"id":256052,"date":"2025-06-25T19:41:41","date_gmt":"2025-06-25T22:41:41","guid":{"rendered":"https:\/\/www.redenoticia.com.br\/noticia\/?p=256052"},"modified":"2025-06-25T19:41:41","modified_gmt":"2025-06-25T22:41:41","slug":"resumo-garota-do-momento-26-06-juliano-sequestra-clarice","status":"publish","type":"post","link":"https:\/\/www.redenoticia.com.br\/noticia\/2025\/resumo-garota-do-momento-26-06-juliano-sequestra-clarice\/256052","title":{"rendered":"Resumo &#8220;Garota do Momento&#8221; 26\/06: Juliano sequestra Clarice"},"content":{"rendered":"<p> <img loading=\"lazy\" decoding=\"async\" src=\"https:\/\/www.redenoticia.com.br\/noticia\/imagens\/resumo-garota-do-momento.jpg\" alt=\"\" width=\"1280\" height=\"720\" class=\"aligncenter size-full wp-image-248879\" srcset=\"https:\/\/www.redenoticia.com.br\/noticia\/imagens\/resumo-garota-do-momento.jpg 1280w, https:\/\/www.redenoticia.com.br\/noticia\/imagens\/resumo-garota-do-momento-250x140.jpg 250w, https:\/\/www.redenoticia.com.br\/noticia\/imagens\/resumo-garota-do-momento-400x225.jpg 400w, https:\/\/www.redenoticia.com.br\/noticia\/imagens\/resumo-garota-do-momento-768x432.jpg 768w, https:\/\/www.redenoticia.com.br\/noticia\/imagens\/resumo-garota-do-momento-150x85.jpg 150w\" sizes=\"auto, (max-width: 1280px) 100vw, 1280px\" \/><\/p>\n<p><strong><em>Resumo da novela &#8220;Garota do Momento&#8221;<\/em><\/strong> em 26\/06: no cap\u00edtulo 201(*) da novela, Clarice (Carol Castro) est\u00e1 voltando \u00e0 ativa como artista pl\u00e1stica e organiza uma vernissage como mais uma etapa de seu recome\u00e7o. No Clube Gente Fina, ela recebe seus convidados, mas sempre com uma sensa\u00e7\u00e3o estranha, uma esp\u00e9cie de &#8216;n\u00f3 na garganta&#8217;. Quem observa tudo de longe \u00e9 Juliano (Fabio Assun\u00e7\u00e3o), que surge irreconhec\u00edvel depois de um tempo escondido no barco da fam\u00edlia Alencar. Atento, ele n\u00e3o perde um movimento de Clarice, nem mesmo os beijos em Greg\u00f3rio (Rocco Pitanga). <\/p>\n<p>O poderoso aproveita uma brecha e surpreende a ex, com uma arma: &#8220;Linda exposi\u00e7\u00e3o. S\u00f3 que dessa vez, eu n\u00e3o vou levar nenhum quadro n\u00e3o. Mas a mo\u00e7a que os pintou vem comigo novamente&#8221;. &#8220;Pelo amor de Deus, Juliano. Eu s\u00f3 quero seguir a minha vida em paz&#8221;, diz Clarice, desesperada. &#8220;Eu sou sua vida, sem mim voc\u00ea n\u00e3o \u00e9 nada!&#8221;, retruca o poderoso, antes de fechar a porta do carro e sequestrar a ex.                                                    <\/p>\n<p>(*) edi\u00e7\u00e3o das novelas da Globo, &#8220;Garota do Momento&#8221;, sujeito a altera\u00e7\u00e3o de data e conte\u00fado.<\/p>\n<p>Sinopse \u201cGarota do Momento\u201d: Beatriz \u00e9 uma jovem que ensina crian\u00e7as no orfanato da av\u00f3 e cresceu acreditando que a m\u00e3e morreu. Um dia, ao ver uma foto da mesma em uma revista, decide mudar-se para o Rio de Janeiro atr\u00e1s do seu paradeiro. Por\u00e9m, ao reencontr\u00e1-la, n\u00e3o \u00e9 reconhecida pela m\u00e3e, e, pior ainda, acredita que ela a substituiu com uma nova filha, Bia, uma jovem mimada, autorit\u00e1ria e manipuladora. <\/p>\n<p>Beatriz coincidentemente se apaixona pelo namorado de Bia, o jornalista Beto. O amor entre Beatriz e Beto \u00e9 dificultado pela sa\u00fade fr\u00e1gil de Bia, que nasceu com comunica\u00e7\u00e3o interatrial e usa disso para manipular Beto e mant\u00ea-lo no relacionamento. Beatriz tamb\u00e9m enfrenta o preconceito da sociedade para se tornar garota-propaganda da Perfumaria Carioca, a empresa do marido de sua m\u00e3e.<\/p>\n","protected":false},"excerpt":{"rendered":"<p>Resumo da novela &#8220;Garota do Momento&#8221; em 26\/06: no cap\u00edtulo 201(*) da novela, Clarice (Carol Castro) est\u00e1 voltando \u00e0 ativa como artista pl\u00e1stica e organiza uma vernissage como mais uma etapa de seu recome\u00e7o. No Clube Gente Fina, ela recebe seus convidados, mas sempre com uma sensa\u00e7\u00e3o estranha, uma esp\u00e9cie de &#8216;n\u00f3 na garganta&#8217;. Quem [&hellip;]<\/p>\n","protected":false},"author":4,"featured_media":248878,"comment_status":"closed","ping_status":"closed","sticky":false,"template":"","format":"standard","meta":{"_genesis_hide_title":false,"_genesis_hide_breadcrumbs":false,"_genesis_hide_singular_image":false,"_genesis_hide_footer_widgets":false,"_genesis_custom_body_class":"","_genesis_custom_post_class":"","_genesis_layout":"","_jetpack_memberships_contains_paid_content":false,"footnotes":""},"categories":[2336,379,375,2025,343],"tags":[441],"class_list":{"0":"post-256052","1":"post","2":"type-post","3":"status-publish","4":"format-standard","5":"has-post-thumbnail","7":"category-garota-do-momento","8":"category-novelas","9":"category-rede-globo","10":"category-resumo","11":"category-televisao","12":"tag-resumo-do-dia","13":"entry","14":"gs-1","15":"gs-odd","16":"gs-even","17":"gs-featured-content-entry"},"jetpack_featured_media_url":"https:\/\/www.redenoticia.com.br\/noticia\/imagens\/garota-do-momento-novela-resumo.jpg","jetpack_sharing_enabled":true,"jetpack_likes_enabled":true,"_links":{"self":[{"href":"https:\/\/www.redenoticia.com.br\/noticia\/wp-json\/wp\/v2\/posts\/256052","targetHints":{"allow":["GET"]}}],"collection":[{"href":"https:\/\/www.redenoticia.com.br\/noticia\/wp-json\/wp\/v2\/posts"}],"about":[{"href":"https:\/\/www.redenoticia.com.br\/noticia\/wp-json\/wp\/v2\/types\/post"}],"author":[{"embeddable":true,"href":"https:\/\/www.redenoticia.com.br\/noticia\/wp-json\/wp\/v2\/users\/4"}],"replies":[{"embeddable":true,"href":"https:\/\/www.redenoticia.com.br\/noticia\/wp-json\/wp\/v2\/comments?post=256052"}],"version-history":[{"count":0,"href":"https:\/\/www.redenoticia.com.br\/noticia\/wp-json\/wp\/v2\/posts\/256052\/revisions"}],"wp:featuredmedia":[{"embeddable":true,"href":"https:\/\/www.redenoticia.com.br\/noticia\/wp-json\/wp\/v2\/media\/248878"}],"wp:attachment":[{"href":"https:\/\/www.redenoticia.com.br\/noticia\/wp-json\/wp\/v2\/media?parent=256052"}],"wp:term":[{"taxonomy":"category","embeddable":true,"href":"https:\/\/www.redenoticia.com.br\/noticia\/wp-json\/wp\/v2\/categories?post=256052"},{"taxonomy":"post_tag","embeddable":true,"href":"https:\/\/www.redenoticia.com.br\/noticia\/wp-json\/wp\/v2\/tags?post=256052"}],"curies":[{"name":"wp","href":"https:\/\/api.w.org\/{rel}","templated":true}]}}