{"id":256046,"date":"2025-06-25T19:37:55","date_gmt":"2025-06-25T22:37:55","guid":{"rendered":"https:\/\/www.redenoticia.com.br\/noticia\/?p=256046"},"modified":"2025-06-25T19:37:55","modified_gmt":"2025-06-25T22:37:55","slug":"resumo-a-caverna-encantada-26-06-norma-retorna-com-sua-postura-severa","status":"publish","type":"post","link":"https:\/\/www.redenoticia.com.br\/noticia\/2025\/resumo-a-caverna-encantada-26-06-norma-retorna-com-sua-postura-severa\/256046","title":{"rendered":"Resumo \u201cA Caverna Encantada\u201d 26\/06: Norma retorna com sua postura severa"},"content":{"rendered":"<p> <img loading=\"lazy\" decoding=\"async\" src=\"https:\/\/www.redenoticia.com.br\/noticia\/imagens\/a-caverna-encantada-resumo-novela.jpg\" alt=\"\" width=\"1280\" height=\"720\" class=\"aligncenter size-full wp-image-246126\" srcset=\"https:\/\/www.redenoticia.com.br\/noticia\/imagens\/a-caverna-encantada-resumo-novela.jpg 1280w, https:\/\/www.redenoticia.com.br\/noticia\/imagens\/a-caverna-encantada-resumo-novela-250x140.jpg 250w, https:\/\/www.redenoticia.com.br\/noticia\/imagens\/a-caverna-encantada-resumo-novela-400x225.jpg 400w, https:\/\/www.redenoticia.com.br\/noticia\/imagens\/a-caverna-encantada-resumo-novela-768x432.jpg 768w, https:\/\/www.redenoticia.com.br\/noticia\/imagens\/a-caverna-encantada-resumo-novela-150x85.jpg 150w\" sizes=\"auto, (max-width: 1280px) 100vw, 1280px\" \/> <\/p>\n<p><strong><em>Resumo da novela \u201cA Caverna Encantada\u201d<\/em><\/strong> em 26\/06: no cap\u00edtulo 237(*) da novela, Lav\u00ednia anuncia a Flora que Anna \u00e9 sua nova melhor amiga. Faf\u00e1 descobre que Goma desistiu de transformar o pet shop em mais uma unidade da Lolipopus. <\/p>\n<p>Norma retorna com sua postura severa e, curiosamente, os professores comemoram que a ordem volta ao col\u00e9gio. Enquanto isso, Nina e Jane est\u00e3o decididas a provar que Perebad\u00e1, a lend\u00e1ria cidade perdida, realmente existe. Andr\u00e9 e Pedro apostam com Felipe e Rui que Perebad\u00e1 n\u00e3o \u00e9 mito.<\/p>\n<p>(*) edi\u00e7\u00e3o das novelas do SBT, \u201cA Caverna Encantada\u201d, sujeito a altera\u00e7\u00e3o de data e conte\u00fado.<\/p>\n<p>Sinopse \u201cA Caverna Encantada\u201d: A trama conta a hist\u00f3ria de Anna, uma menina de 7 anos, filha do m\u00e9dico e tamb\u00e9m mission\u00e1rio Paulo. O pai recebe um chamado para uma miss\u00e3o perigosa e, infelizmente, Anna n\u00e3o poder\u00e1 acompanh\u00e1-lo. Paulo deixa a filha Anna num col\u00e9gio interno no interior de S\u00e3o Paulo, onde a garota vai conviver com crian\u00e7as bem diferentes. O pai garante voltar no dia do anivers\u00e1rio da filha, mas misteriosamente, n\u00e3o retorna. Anna decide investigar os motivos sobre o sumi\u00e7o do pai e descobre algumas coisas interessantes sobre seu passado.<\/p>\n","protected":false},"excerpt":{"rendered":"<p>Resumo da novela \u201cA Caverna Encantada\u201d em 26\/06: no cap\u00edtulo 237(*) da novela, Lav\u00ednia anuncia a Flora que Anna \u00e9 sua nova melhor amiga. Faf\u00e1 descobre que Goma desistiu de transformar o pet shop em mais uma unidade da Lolipopus. Norma retorna com sua postura severa e, curiosamente, os professores comemoram que a ordem volta [&hellip;]<\/p>\n","protected":false},"author":4,"featured_media":246125,"comment_status":"closed","ping_status":"closed","sticky":false,"template":"","format":"standard","meta":{"_genesis_hide_title":false,"_genesis_hide_breadcrumbs":false,"_genesis_hide_singular_image":false,"_genesis_hide_footer_widgets":false,"_genesis_custom_body_class":"","_genesis_custom_post_class":"","_genesis_layout":"","_jetpack_memberships_contains_paid_content":false,"footnotes":""},"categories":[2331,379,2025,372,343],"tags":[441],"class_list":{"0":"post-256046","1":"post","2":"type-post","3":"status-publish","4":"format-standard","5":"has-post-thumbnail","7":"category-a-caverna-encantada","8":"category-novelas","9":"category-resumo","10":"category-sbt","11":"category-televisao","12":"tag-resumo-do-dia","13":"entry","14":"gs-1","15":"gs-odd","16":"gs-even","17":"gs-featured-content-entry"},"jetpack_featured_media_url":"https:\/\/www.redenoticia.com.br\/noticia\/imagens\/a-caverna-encantada-logo-novela.jpg","jetpack_sharing_enabled":true,"jetpack_likes_enabled":true,"_links":{"self":[{"href":"https:\/\/www.redenoticia.com.br\/noticia\/wp-json\/wp\/v2\/posts\/256046","targetHints":{"allow":["GET"]}}],"collection":[{"href":"https:\/\/www.redenoticia.com.br\/noticia\/wp-json\/wp\/v2\/posts"}],"about":[{"href":"https:\/\/www.redenoticia.com.br\/noticia\/wp-json\/wp\/v2\/types\/post"}],"author":[{"embeddable":true,"href":"https:\/\/www.redenoticia.com.br\/noticia\/wp-json\/wp\/v2\/users\/4"}],"replies":[{"embeddable":true,"href":"https:\/\/www.redenoticia.com.br\/noticia\/wp-json\/wp\/v2\/comments?post=256046"}],"version-history":[{"count":0,"href":"https:\/\/www.redenoticia.com.br\/noticia\/wp-json\/wp\/v2\/posts\/256046\/revisions"}],"wp:featuredmedia":[{"embeddable":true,"href":"https:\/\/www.redenoticia.com.br\/noticia\/wp-json\/wp\/v2\/media\/246125"}],"wp:attachment":[{"href":"https:\/\/www.redenoticia.com.br\/noticia\/wp-json\/wp\/v2\/media?parent=256046"}],"wp:term":[{"taxonomy":"category","embeddable":true,"href":"https:\/\/www.redenoticia.com.br\/noticia\/wp-json\/wp\/v2\/categories?post=256046"},{"taxonomy":"post_tag","embeddable":true,"href":"https:\/\/www.redenoticia.com.br\/noticia\/wp-json\/wp\/v2\/tags?post=256046"}],"curies":[{"name":"wp","href":"https:\/\/api.w.org\/{rel}","templated":true}]}}