{"id":255016,"date":"2025-05-22T17:55:59","date_gmt":"2025-05-22T20:55:59","guid":{"rendered":"https:\/\/www.redenoticia.com.br\/noticia\/?p=255016"},"modified":"2025-05-22T17:55:59","modified_gmt":"2025-05-22T20:55:59","slug":"resumo-garota-do-momento-23-05-clarice-e-juliano-sofrem-com-o-inicio-da-operacao-de-bia","status":"publish","type":"post","link":"https:\/\/www.redenoticia.com.br\/noticia\/2025\/resumo-garota-do-momento-23-05-clarice-e-juliano-sofrem-com-o-inicio-da-operacao-de-bia\/255016","title":{"rendered":"Resumo &#8220;Garota do Momento&#8221; 23\/05: Clarice e Juliano sofrem com o in\u00edcio da opera\u00e7\u00e3o de Bia"},"content":{"rendered":"<p> <img loading=\"lazy\" decoding=\"async\" src=\"https:\/\/www.redenoticia.com.br\/noticia\/imagens\/resumo-garota-do-momento.jpg\" alt=\"\" width=\"1280\" height=\"720\" class=\"aligncenter size-full wp-image-248879\" srcset=\"https:\/\/www.redenoticia.com.br\/noticia\/imagens\/resumo-garota-do-momento.jpg 1280w, https:\/\/www.redenoticia.com.br\/noticia\/imagens\/resumo-garota-do-momento-250x140.jpg 250w, https:\/\/www.redenoticia.com.br\/noticia\/imagens\/resumo-garota-do-momento-400x225.jpg 400w, https:\/\/www.redenoticia.com.br\/noticia\/imagens\/resumo-garota-do-momento-768x432.jpg 768w, https:\/\/www.redenoticia.com.br\/noticia\/imagens\/resumo-garota-do-momento-150x85.jpg 150w\" sizes=\"auto, (max-width: 1280px) 100vw, 1280px\" \/><\/p>\n<p><strong><em>Resumo da novela &#8220;Garota do Momento&#8221;<\/em><\/strong> em 23\/05: no cap\u00edtulo 172(*) da novela, Bia passa mal. Ernesto anuncia \u00e0 fam\u00edlia Alencar que o estado de Bia \u00e9 grave, e ela precisar\u00e1 de cirurgia. Maristela, Juliano e Clarice se desesperam. Alfonso e Teresa declaram sua paix\u00e3o. Jacira pede que Eug\u00eania fique alerta a Tal\u00eda. Z\u00e9lia confessa a Orlando que n\u00e3o \u00e9 irm\u00e3 de Clarice. <\/p>\n<p>Bia diz a Beto que tem medo de n\u00e3o resistir. Arlete repreende as atitudes de Z\u00e9lia para se vingar dos Alencar. Teresa assume seu namoro com Alfonso. Tal\u00eda assedia S\u00e9rgio. Topete decide come\u00e7ar a trabalhar. Clarice e Juliano sofrem com o in\u00edcio da opera\u00e7\u00e3o de Bia.                                                                 <\/p>\n<p>(*) edi\u00e7\u00e3o das novelas da Globo, &#8220;Garota do Momento&#8221;, sujeito a altera\u00e7\u00e3o de data e conte\u00fado.<\/p>\n<p>Sinopse \u201cGarota do Momento\u201d: Beatriz \u00e9 uma jovem que ensina crian\u00e7as no orfanato da av\u00f3 e cresceu acreditando que a m\u00e3e morreu. Um dia, ao ver uma foto da mesma em uma revista, decide mudar-se para o Rio de Janeiro atr\u00e1s do seu paradeiro. Por\u00e9m, ao reencontr\u00e1-la, n\u00e3o \u00e9 reconhecida pela m\u00e3e, e, pior ainda, acredita que ela a substituiu com uma nova filha, Bia, uma jovem mimada, autorit\u00e1ria e manipuladora. <\/p>\n<p>Beatriz coincidentemente se apaixona pelo namorado de Bia, o jornalista Beto. O amor entre Beatriz e Beto \u00e9 dificultado pela sa\u00fade fr\u00e1gil de Bia, que nasceu com comunica\u00e7\u00e3o interatrial e usa disso para manipular Beto e mant\u00ea-lo no relacionamento. Beatriz tamb\u00e9m enfrenta o preconceito da sociedade para se tornar garota-propaganda da Perfumaria Carioca, a empresa do marido de sua m\u00e3e.<\/p>\n","protected":false},"excerpt":{"rendered":"<p>Resumo da novela &#8220;Garota do Momento&#8221; em 23\/05: no cap\u00edtulo 172(*) da novela, Bia passa mal. Ernesto anuncia \u00e0 fam\u00edlia Alencar que o estado de Bia \u00e9 grave, e ela precisar\u00e1 de cirurgia. Maristela, Juliano e Clarice se desesperam. Alfonso e Teresa declaram sua paix\u00e3o. Jacira pede que Eug\u00eania fique alerta a Tal\u00eda. Z\u00e9lia confessa [&hellip;]<\/p>\n","protected":false},"author":4,"featured_media":248878,"comment_status":"closed","ping_status":"closed","sticky":false,"template":"","format":"standard","meta":{"_genesis_hide_title":false,"_genesis_hide_breadcrumbs":false,"_genesis_hide_singular_image":false,"_genesis_hide_footer_widgets":false,"_genesis_custom_body_class":"","_genesis_custom_post_class":"","_genesis_layout":"","_jetpack_memberships_contains_paid_content":false,"footnotes":""},"categories":[2336,379,375,2025,343],"tags":[441],"class_list":{"0":"post-255016","1":"post","2":"type-post","3":"status-publish","4":"format-standard","5":"has-post-thumbnail","7":"category-garota-do-momento","8":"category-novelas","9":"category-rede-globo","10":"category-resumo","11":"category-televisao","12":"tag-resumo-do-dia","13":"entry","14":"gs-1","15":"gs-odd","16":"gs-even","17":"gs-featured-content-entry"},"jetpack_featured_media_url":"https:\/\/www.redenoticia.com.br\/noticia\/imagens\/garota-do-momento-novela-resumo.jpg","jetpack_sharing_enabled":true,"jetpack_likes_enabled":true,"_links":{"self":[{"href":"https:\/\/www.redenoticia.com.br\/noticia\/wp-json\/wp\/v2\/posts\/255016","targetHints":{"allow":["GET"]}}],"collection":[{"href":"https:\/\/www.redenoticia.com.br\/noticia\/wp-json\/wp\/v2\/posts"}],"about":[{"href":"https:\/\/www.redenoticia.com.br\/noticia\/wp-json\/wp\/v2\/types\/post"}],"author":[{"embeddable":true,"href":"https:\/\/www.redenoticia.com.br\/noticia\/wp-json\/wp\/v2\/users\/4"}],"replies":[{"embeddable":true,"href":"https:\/\/www.redenoticia.com.br\/noticia\/wp-json\/wp\/v2\/comments?post=255016"}],"version-history":[{"count":0,"href":"https:\/\/www.redenoticia.com.br\/noticia\/wp-json\/wp\/v2\/posts\/255016\/revisions"}],"wp:featuredmedia":[{"embeddable":true,"href":"https:\/\/www.redenoticia.com.br\/noticia\/wp-json\/wp\/v2\/media\/248878"}],"wp:attachment":[{"href":"https:\/\/www.redenoticia.com.br\/noticia\/wp-json\/wp\/v2\/media?parent=255016"}],"wp:term":[{"taxonomy":"category","embeddable":true,"href":"https:\/\/www.redenoticia.com.br\/noticia\/wp-json\/wp\/v2\/categories?post=255016"},{"taxonomy":"post_tag","embeddable":true,"href":"https:\/\/www.redenoticia.com.br\/noticia\/wp-json\/wp\/v2\/tags?post=255016"}],"curies":[{"name":"wp","href":"https:\/\/api.w.org\/{rel}","templated":true}]}}