{"id":253789,"date":"2025-04-14T14:00:59","date_gmt":"2025-04-14T17:00:59","guid":{"rendered":"https:\/\/www.redenoticia.com.br\/noticia\/?p=253789"},"modified":"2025-04-14T14:00:59","modified_gmt":"2025-04-14T17:00:59","slug":"resumo-tieta-15-04-mirko-manda-helena-para-a-casa-da-praia","status":"publish","type":"post","link":"https:\/\/www.redenoticia.com.br\/noticia\/2025\/resumo-tieta-15-04-mirko-manda-helena-para-a-casa-da-praia\/253789","title":{"rendered":"Resumo &#8220;Tieta&#8221; 15\/04: Mirko manda Helena para a casa da praia"},"content":{"rendered":"<p> <img loading=\"lazy\" decoding=\"async\" src=\"https:\/\/www.redenoticia.com.br\/noticia\/imagens\/resumo-novela-tieta.jpg\" alt=\"\" width=\"1280\" height=\"720\" class=\"aligncenter size-full wp-image-250115\" srcset=\"https:\/\/www.redenoticia.com.br\/noticia\/imagens\/resumo-novela-tieta.jpg 1280w, https:\/\/www.redenoticia.com.br\/noticia\/imagens\/resumo-novela-tieta-250x140.jpg 250w, https:\/\/www.redenoticia.com.br\/noticia\/imagens\/resumo-novela-tieta-400x225.jpg 400w, https:\/\/www.redenoticia.com.br\/noticia\/imagens\/resumo-novela-tieta-768x432.jpg 768w, https:\/\/www.redenoticia.com.br\/noticia\/imagens\/resumo-novela-tieta-150x85.jpg 150w\" sizes=\"auto, (max-width: 1280px) 100vw, 1280px\" \/> <\/p>\n<p><em><strong>Resumo da novela &#8220;Tieta&#8221;<\/strong><\/em> em 15\/04: no cap\u00edtulo 097(*) da novela, Tieta diz a Asc\u00e2nio que Leonora n\u00e3o quer v\u00ea-lo e lhe pede que espere uns dias para tornar a procur\u00e1-la. Laura conta a D\u00e1rio o motivo da volta de Silvana. Helena diz a Asc\u00e2nio que n\u00e3o lhe dar\u00e1 o div\u00f3rcio. Ele decide viajar. Laura autoriza D\u00e1rio a tra\u00ed-la com Silvana. Milu pede a Tieta que descubra se Gladstone pretende se casar com sua filha. Cora ouve Tieta dizer a Gladstone para n\u00e3o magoar Carmosina e que lhe pagou s\u00f3 para dormir com ela. Perp\u00e9tua ouve Cora comentar isto com Araci e conta tudo a Carmosina.<\/p>\n<p>Carmosina custa a acreditar em Perp\u00e9tua. Mirko manda Helena para a casa da praia, dizendo que ela se meteu onde n\u00e3o devia. Imaculada d\u00e1 o seu caderno de hist\u00f3rias para Gladstone ler. Araci confirma para Carmosina a hist\u00f3ria que Perp\u00e9tua lhe contou. Vendo a fam\u00edlia de Marcolino, Modesto se sente s\u00f3. Carmosina passa a noite na casa de Laura. Asc\u00e2nio diz ao coronel que acha uma patifaria a desapropria\u00e7\u00e3o de Mangue Seco. Com ar amargo, Carmosina agradece a Tieta por ter pago Gladstone para dormir com ela.  <\/p>\n<p>(*) edi\u00e7\u00e3o das novelas da Globo, &#8220;Tieta&#8221;, sujeito a altera\u00e7\u00e3o de data e conte\u00fado.<\/p>\n<p>Sinopse &#8220;Tieta&#8221;: Vinte e cinco anos depois, a fam\u00edlia Esteves depende financeiramente de Tieta, que perdoou a fam\u00edlia e os ajuda todo m\u00eas. A \u00fanica informa\u00e7\u00e3o sobre ela \u00e9 de que se casou com um industrial milion\u00e1rio, o Comendador Cantarelli e prosperou com um neg\u00f3cio de luxo na capital paulistana. Quando as cartas de Tieta param de serem enviadas, Perp\u00e9tua e Z\u00e9 Esteves presumem que a mesma est\u00e1 morta. <\/p>\n<p>No dia em que est\u00e1 sendo celebrado uma missa em sua homenagem, Tieta retorna, rica e triunfante, decidida a se vingar das pessoas que a maltrataram. Tieta diz que veio para ficar e muda a rotina de todos os moradores de Santana do Agreste. Os que a condenaram na juventude passam a cortej\u00e1-la, movidos pela ambi\u00e7\u00e3o em sua fortuna ou atra\u00eddos por sua exuber\u00e2ncia. Tieta percebe que nada mudou na cidade, que permanece parada no tempo, e que todos continuam hip\u00f3critas.<\/p>\n","protected":false},"excerpt":{"rendered":"<p>Resumo da novela &#8220;Tieta&#8221; em 15\/04: no cap\u00edtulo 097(*) da novela, Tieta diz a Asc\u00e2nio que Leonora n\u00e3o quer v\u00ea-lo e lhe pede que espere uns dias para tornar a procur\u00e1-la. Laura conta a D\u00e1rio o motivo da volta de Silvana. Helena diz a Asc\u00e2nio que n\u00e3o lhe dar\u00e1 o div\u00f3rcio. Ele decide viajar. Laura [&hellip;]<\/p>\n","protected":false},"author":5,"featured_media":250114,"comment_status":"closed","ping_status":"closed","sticky":false,"template":"","format":"standard","meta":{"_genesis_hide_title":false,"_genesis_hide_breadcrumbs":false,"_genesis_hide_singular_image":false,"_genesis_hide_footer_widgets":false,"_genesis_custom_body_class":"","_genesis_custom_post_class":"","_genesis_layout":"","_jetpack_memberships_contains_paid_content":false,"footnotes":""},"categories":[379,375,2025,343,2337],"tags":[441],"class_list":{"0":"post-253789","1":"post","2":"type-post","3":"status-publish","4":"format-standard","5":"has-post-thumbnail","7":"category-novelas","8":"category-rede-globo","9":"category-resumo","10":"category-televisao","11":"category-tieta","12":"tag-resumo-do-dia","13":"entry","14":"gs-1","15":"gs-odd","16":"gs-even","17":"gs-featured-content-entry"},"jetpack_featured_media_url":"https:\/\/www.redenoticia.com.br\/noticia\/imagens\/novela-tieta-resumo-capitulos.jpg","jetpack_sharing_enabled":true,"jetpack_likes_enabled":true,"_links":{"self":[{"href":"https:\/\/www.redenoticia.com.br\/noticia\/wp-json\/wp\/v2\/posts\/253789","targetHints":{"allow":["GET"]}}],"collection":[{"href":"https:\/\/www.redenoticia.com.br\/noticia\/wp-json\/wp\/v2\/posts"}],"about":[{"href":"https:\/\/www.redenoticia.com.br\/noticia\/wp-json\/wp\/v2\/types\/post"}],"author":[{"embeddable":true,"href":"https:\/\/www.redenoticia.com.br\/noticia\/wp-json\/wp\/v2\/users\/5"}],"replies":[{"embeddable":true,"href":"https:\/\/www.redenoticia.com.br\/noticia\/wp-json\/wp\/v2\/comments?post=253789"}],"version-history":[{"count":0,"href":"https:\/\/www.redenoticia.com.br\/noticia\/wp-json\/wp\/v2\/posts\/253789\/revisions"}],"wp:featuredmedia":[{"embeddable":true,"href":"https:\/\/www.redenoticia.com.br\/noticia\/wp-json\/wp\/v2\/media\/250114"}],"wp:attachment":[{"href":"https:\/\/www.redenoticia.com.br\/noticia\/wp-json\/wp\/v2\/media?parent=253789"}],"wp:term":[{"taxonomy":"category","embeddable":true,"href":"https:\/\/www.redenoticia.com.br\/noticia\/wp-json\/wp\/v2\/categories?post=253789"},{"taxonomy":"post_tag","embeddable":true,"href":"https:\/\/www.redenoticia.com.br\/noticia\/wp-json\/wp\/v2\/tags?post=253789"}],"curies":[{"name":"wp","href":"https:\/\/api.w.org\/{rel}","templated":true}]}}