{"id":251254,"date":"2025-01-14T15:01:51","date_gmt":"2025-01-14T18:01:51","guid":{"rendered":"https:\/\/www.redenoticia.com.br\/noticia\/?p=251254"},"modified":"2025-01-14T15:04:14","modified_gmt":"2025-01-14T18:04:14","slug":"resumo-meu-caminho-e-te-amar-15-01-cesar-pretende-vender-o-filho-de-ursula","status":"publish","type":"post","link":"https:\/\/www.redenoticia.com.br\/noticia\/2025\/resumo-meu-caminho-e-te-amar-15-01-cesar-pretende-vender-o-filho-de-ursula\/251254","title":{"rendered":"Resumo \u201cMeu Caminho \u00e9 Te Amar\u201d 15\/01: C\u00e9sar pretende vender o filho de \u00darsula"},"content":{"rendered":"<p> <img loading=\"lazy\" decoding=\"async\" src=\"https:\/\/www.redenoticia.com.br\/noticia\/imagens\/meu-caminho-e-te-amar-resumo-capitulo-novela.jpg\" alt=\"\" width=\"1280\" height=\"720\" class=\"aligncenter size-full wp-image-248880\" srcset=\"https:\/\/www.redenoticia.com.br\/noticia\/imagens\/meu-caminho-e-te-amar-resumo-capitulo-novela.jpg 1280w, https:\/\/www.redenoticia.com.br\/noticia\/imagens\/meu-caminho-e-te-amar-resumo-capitulo-novela-250x140.jpg 250w, https:\/\/www.redenoticia.com.br\/noticia\/imagens\/meu-caminho-e-te-amar-resumo-capitulo-novela-400x225.jpg 400w, https:\/\/www.redenoticia.com.br\/noticia\/imagens\/meu-caminho-e-te-amar-resumo-capitulo-novela-768x432.jpg 768w, https:\/\/www.redenoticia.com.br\/noticia\/imagens\/meu-caminho-e-te-amar-resumo-capitulo-novela-150x85.jpg 150w\" sizes=\"auto, (max-width: 1280px) 100vw, 1280px\" \/><\/p>\n<p><strong><em>Resumo da novela \u201cMeu Caminho \u00e9 Te Amar\u201d<\/em><\/strong> em 15\/01: no cap\u00edtulo 057(*) da novela, Karen conta a Daniela e Fausto seus planos com Aaron, mas isso deixa o marido de Daniela com ci\u00fames. Daniela convoca Memo para falar sobre Isabella, mas Fausto se op\u00f5e totalmente a que a menor saiba a verdade sobre seu pai biol\u00f3gico. Daniela e Fausto discutem sobre Isabella, mas este n\u00e3o mede seus insultos, ent\u00e3o JuanPa decide acabar com isso. Ap\u00f3s a sa\u00edda de JuanPa, Fausto insiste em impedir que Isabella saiba que Memo \u00e9 seu pai porque ele n\u00e3o est\u00e1 \u00e0 altura dos padr\u00f5es dela.<\/p>\n<p>Sebasti\u00e1n pede a Lupita em namoro, mas ela o rejeita. Mac\u00e1rio descobre que C\u00e9sar pretende vender o filho de \u00darsula e prop\u00f5e ali\u00e1-lo. C\u00e9sar aceita o acordo de Mac\u00e1rio para roubar o filho de \u00darsula. Fausto se oferece para abrir caminho para Aaron com Karen, caso ele concorde em matar Memo. Fausto se surpreende com a decis\u00e3o de Daniela de demorar um pouco no relacionamento e na hora de question\u00e1-la, ela admite que n\u00e3o o ama, desencadeando o ci\u00fame de Fausto por acreditar que a culpa \u00e9 de Memo. Sebasti\u00e1n declara seu amor a Lupita no meio da escola. Fausto ataca Karen por fazer com que Daniela quisesse se separar dele.<\/p>\n<p>(*) edi\u00e7\u00e3o das novelas do SBT, \u201cMeu Caminho \u00e9 Te Amar\u201d, sujeito a altera\u00e7\u00e3o de data e conte\u00fado.<\/p>\n<p>Sinopse: \u201cMeu Caminho \u00e9 Te Amar\u201d conta a hist\u00f3ria de Guillermo, que decide trabalhar com Daniela para ficar pr\u00f3ximo de Isabella, ao mesmo tempo em que confirma com um teste de DNA que \u00e9 pai dela. Gra\u00e7as \u00e0 conviv\u00eancia di\u00e1ria, Guillermo se torna confidente de Daniela e \u00e9 assim que descobre a solid\u00e3o que ela vivencia no casamento e que sua \u00fanica raz\u00e3o de estar na vida \u00e9 Isabella. <\/p>\n<p>Com o passar do tempo, Daniela e Guillermo come\u00e7am a se apaixonar, mas decidem guardar seus sentimentos para si para respeitar os compromissos com os parceiros. Ambos enfrentar\u00e3o uma jornada cheia de obst\u00e1culos, com a promessa de que um dia percorrer\u00e3o os caminhos do amor com Isabella.   <\/p>\n","protected":false},"excerpt":{"rendered":"<p>Resumo da novela \u201cMeu Caminho \u00e9 Te Amar\u201d em 15\/01: no cap\u00edtulo 057(*) da novela, Karen conta a Daniela e Fausto seus planos com Aaron, mas isso deixa o marido de Daniela com ci\u00fames. Daniela convoca Memo para falar sobre Isabella, mas Fausto se op\u00f5e totalmente a que a menor saiba a verdade sobre seu [&hellip;]<\/p>\n","protected":false},"author":3,"featured_media":248881,"comment_status":"closed","ping_status":"closed","sticky":false,"template":"","format":"standard","meta":{"_genesis_hide_title":false,"_genesis_hide_breadcrumbs":false,"_genesis_hide_singular_image":false,"_genesis_hide_footer_widgets":false,"_genesis_custom_body_class":"","_genesis_custom_post_class":"","_genesis_layout":"","_jetpack_memberships_contains_paid_content":false,"footnotes":""},"categories":[2335,379,2025,372,343],"tags":[441],"class_list":{"0":"post-251254","1":"post","2":"type-post","3":"status-publish","4":"format-standard","5":"has-post-thumbnail","7":"category-meu-caminho-e-te-amar","8":"category-novelas","9":"category-resumo","10":"category-sbt","11":"category-televisao","12":"tag-resumo-do-dia","13":"entry","14":"gs-1","15":"gs-odd","16":"gs-even","17":"gs-featured-content-entry"},"jetpack_featured_media_url":"https:\/\/www.redenoticia.com.br\/noticia\/imagens\/meu-caminho-e-te-amar-resumo-novela-sbt.jpg","jetpack_sharing_enabled":true,"jetpack_likes_enabled":true,"_links":{"self":[{"href":"https:\/\/www.redenoticia.com.br\/noticia\/wp-json\/wp\/v2\/posts\/251254","targetHints":{"allow":["GET"]}}],"collection":[{"href":"https:\/\/www.redenoticia.com.br\/noticia\/wp-json\/wp\/v2\/posts"}],"about":[{"href":"https:\/\/www.redenoticia.com.br\/noticia\/wp-json\/wp\/v2\/types\/post"}],"author":[{"embeddable":true,"href":"https:\/\/www.redenoticia.com.br\/noticia\/wp-json\/wp\/v2\/users\/3"}],"replies":[{"embeddable":true,"href":"https:\/\/www.redenoticia.com.br\/noticia\/wp-json\/wp\/v2\/comments?post=251254"}],"version-history":[{"count":0,"href":"https:\/\/www.redenoticia.com.br\/noticia\/wp-json\/wp\/v2\/posts\/251254\/revisions"}],"wp:featuredmedia":[{"embeddable":true,"href":"https:\/\/www.redenoticia.com.br\/noticia\/wp-json\/wp\/v2\/media\/248881"}],"wp:attachment":[{"href":"https:\/\/www.redenoticia.com.br\/noticia\/wp-json\/wp\/v2\/media?parent=251254"}],"wp:term":[{"taxonomy":"category","embeddable":true,"href":"https:\/\/www.redenoticia.com.br\/noticia\/wp-json\/wp\/v2\/categories?post=251254"},{"taxonomy":"post_tag","embeddable":true,"href":"https:\/\/www.redenoticia.com.br\/noticia\/wp-json\/wp\/v2\/tags?post=251254"}],"curies":[{"name":"wp","href":"https:\/\/api.w.org\/{rel}","templated":true}]}}