{"id":250657,"date":"2024-12-26T11:59:57","date_gmt":"2024-12-26T14:59:57","guid":{"rendered":"https:\/\/www.redenoticia.com.br\/noticia\/?p=250657"},"modified":"2024-12-26T11:59:57","modified_gmt":"2024-12-26T14:59:57","slug":"resumo-mania-de-voce-27-12-viola-nao-toma-o-comprimido-dado-por-dulce","status":"publish","type":"post","link":"https:\/\/www.redenoticia.com.br\/noticia\/2024\/resumo-mania-de-voce-27-12-viola-nao-toma-o-comprimido-dado-por-dulce\/250657","title":{"rendered":"Resumo &#8220;Mania de Voc\u00ea&#8221; 27\/12: Viola n\u00e3o toma o comprimido dado por Dulce"},"content":{"rendered":"<p> <img loading=\"lazy\" decoding=\"async\" src=\"https:\/\/www.redenoticia.com.br\/noticia\/imagens\/resumo-mania-de-voce-novela-globo.jpg\" alt=\"\" width=\"1280\" height=\"720\" class=\"aligncenter size-full wp-image-247027\" srcset=\"https:\/\/www.redenoticia.com.br\/noticia\/imagens\/resumo-mania-de-voce-novela-globo.jpg 1280w, https:\/\/www.redenoticia.com.br\/noticia\/imagens\/resumo-mania-de-voce-novela-globo-250x140.jpg 250w, https:\/\/www.redenoticia.com.br\/noticia\/imagens\/resumo-mania-de-voce-novela-globo-400x225.jpg 400w, https:\/\/www.redenoticia.com.br\/noticia\/imagens\/resumo-mania-de-voce-novela-globo-768x432.jpg 768w, https:\/\/www.redenoticia.com.br\/noticia\/imagens\/resumo-mania-de-voce-novela-globo-150x85.jpg 150w\" sizes=\"auto, (max-width: 1280px) 100vw, 1280px\" \/> <\/p>\n<p><strong><em>Resumo da novela &#8220;Mania de Voc\u00ea&#8221;<\/em><\/strong> em 27\/12: no cap\u00edtulo 095(*) da novela, Mavi procura Filipa e oferece vingan\u00e7a contra Rud\u00e1. Viola n\u00e3o toma o comprimido dado por Dulce. Michele deixa Daniel devastado ao dizer que ama Cristiano. F\u00e1tima fica arrasada ao ver que foi enganada por Robson. Rud\u00e1 fica surpreso ao saber que Filipa n\u00e3o ir\u00e1 mais viajar. Diana aconselha F\u00e1tima a se separar de Robson. <\/p>\n<p>Iarlei incentiva Gael a se declarar a F\u00e1tima. Wagner pede Dhu em casamento, e Edmilson escuta. Berta amea\u00e7a demitir Leidi, ao ouvir a funcion\u00e1ria destratando \u00cdsis. Berta comunica a Mavi que s\u00f3 investir\u00e1 no Albacoa 2 se tiver o controle acion\u00e1rio. Filipa sente \u00f3dio por Rud\u00e1 ao ouvi-lo dizer que Viola \u00e9 o amor de sua vida. Filipa aceita proposta de Mavi.   <\/p>\n<p>(*) edi\u00e7\u00e3o das novelas da Globo, &#8220;Mania de Voc\u00ea&#8221;, sujeito a altera\u00e7\u00e3o de data e conte\u00fado.<\/p>\n<p>Sinopse &#8220;Mania de Voc\u00ea&#8221;: Viola (Gabz) e Luma (Agatha Moreira), duas mulheres que nasceram no mesmo dia e se conhecem anos mais tarde, unidas por coincid\u00eancias que v\u00e3o al\u00e9m da data de anivers\u00e1rio. Uma jornada que as inclui num quarteto amoroso com Mavi (Chay Suede) e Rud\u00e1 (Nicolas Prattes) e que ser\u00e1 dividida entre a cumplicidade e a rivalidade, impactada por uma s\u00e9rie de circunst\u00e2ncias, como o segredo em torno de um assassinato. Como pano de fundo, o universo da gastronomia e o cen\u00e1rio da natureza paradis\u00edaca de Angra dos Reis.<\/p>\n<p>Na segunda fase de &#8220;Mania de Voc\u00ea&#8221;, que se passa 10 anos ap\u00f3s o assassinato de Molina (Rodrigo Lombardi), novos personagens aparecem na trama criada e escrita por Jo\u00e3o Emanuel Carneiro, com dire\u00e7\u00e3o art\u00edstica de Carlos Araujo. \u00c9 o caso da fam\u00edlia de Leidi (Thalita Carauta), que surge nos primeiros cap\u00edtulos da novela, mas retorna ao lado da fam\u00edlia na segunda fase, transformando a luxuosa rotina de \u00cdsis (Mariana Ximenes) em um pesadelo c\u00f4mico. <\/p>\n","protected":false},"excerpt":{"rendered":"<p>Resumo da novela &#8220;Mania de Voc\u00ea&#8221; em 27\/12: no cap\u00edtulo 095(*) da novela, Mavi procura Filipa e oferece vingan\u00e7a contra Rud\u00e1. Viola n\u00e3o toma o comprimido dado por Dulce. Michele deixa Daniel devastado ao dizer que ama Cristiano. F\u00e1tima fica arrasada ao ver que foi enganada por Robson. Rud\u00e1 fica surpreso ao saber que Filipa [&hellip;]<\/p>\n","protected":false},"author":2,"featured_media":247026,"comment_status":"closed","ping_status":"closed","sticky":false,"template":"","format":"standard","meta":{"_genesis_hide_title":false,"_genesis_hide_breadcrumbs":false,"_genesis_hide_singular_image":false,"_genesis_hide_footer_widgets":false,"_genesis_custom_body_class":"","_genesis_custom_post_class":"","_genesis_layout":"","_jetpack_memberships_contains_paid_content":false,"footnotes":""},"categories":[2333,379,375,2025,343],"tags":[441],"class_list":{"0":"post-250657","1":"post","2":"type-post","3":"status-publish","4":"format-standard","5":"has-post-thumbnail","7":"category-mania-de-voce","8":"category-novelas","9":"category-rede-globo","10":"category-resumo","11":"category-televisao","12":"tag-resumo-do-dia","13":"entry","14":"gs-1","15":"gs-odd","16":"gs-even","17":"gs-featured-content-entry"},"jetpack_featured_media_url":"https:\/\/www.redenoticia.com.br\/noticia\/imagens\/novela-mania-de-voce-resumo-rede-noticia.jpg","jetpack_sharing_enabled":true,"jetpack_likes_enabled":true,"_links":{"self":[{"href":"https:\/\/www.redenoticia.com.br\/noticia\/wp-json\/wp\/v2\/posts\/250657","targetHints":{"allow":["GET"]}}],"collection":[{"href":"https:\/\/www.redenoticia.com.br\/noticia\/wp-json\/wp\/v2\/posts"}],"about":[{"href":"https:\/\/www.redenoticia.com.br\/noticia\/wp-json\/wp\/v2\/types\/post"}],"author":[{"embeddable":true,"href":"https:\/\/www.redenoticia.com.br\/noticia\/wp-json\/wp\/v2\/users\/2"}],"replies":[{"embeddable":true,"href":"https:\/\/www.redenoticia.com.br\/noticia\/wp-json\/wp\/v2\/comments?post=250657"}],"version-history":[{"count":0,"href":"https:\/\/www.redenoticia.com.br\/noticia\/wp-json\/wp\/v2\/posts\/250657\/revisions"}],"wp:featuredmedia":[{"embeddable":true,"href":"https:\/\/www.redenoticia.com.br\/noticia\/wp-json\/wp\/v2\/media\/247026"}],"wp:attachment":[{"href":"https:\/\/www.redenoticia.com.br\/noticia\/wp-json\/wp\/v2\/media?parent=250657"}],"wp:term":[{"taxonomy":"category","embeddable":true,"href":"https:\/\/www.redenoticia.com.br\/noticia\/wp-json\/wp\/v2\/categories?post=250657"},{"taxonomy":"post_tag","embeddable":true,"href":"https:\/\/www.redenoticia.com.br\/noticia\/wp-json\/wp\/v2\/tags?post=250657"}],"curies":[{"name":"wp","href":"https:\/\/api.w.org\/{rel}","templated":true}]}}