{"id":250188,"date":"2024-12-10T15:13:44","date_gmt":"2024-12-10T18:13:44","guid":{"rendered":"https:\/\/www.redenoticia.com.br\/noticia\/?p=250188"},"modified":"2024-12-10T15:13:44","modified_gmt":"2024-12-10T18:13:44","slug":"resumo-mania-de-voce-11-12-viola-expulsa-luma-da-comunidade","status":"publish","type":"post","link":"https:\/\/www.redenoticia.com.br\/noticia\/2024\/resumo-mania-de-voce-11-12-viola-expulsa-luma-da-comunidade\/250188","title":{"rendered":"Resumo &#8220;Mania de Voc\u00ea&#8221; 11\/12: Viola expulsa Luma da comunidade"},"content":{"rendered":"<p> <img loading=\"lazy\" decoding=\"async\" src=\"https:\/\/www.redenoticia.com.br\/noticia\/imagens\/resumo-mania-de-voce-novela-globo.jpg\" alt=\"\" width=\"1280\" height=\"720\" class=\"aligncenter size-full wp-image-247027\" srcset=\"https:\/\/www.redenoticia.com.br\/noticia\/imagens\/resumo-mania-de-voce-novela-globo.jpg 1280w, https:\/\/www.redenoticia.com.br\/noticia\/imagens\/resumo-mania-de-voce-novela-globo-250x140.jpg 250w, https:\/\/www.redenoticia.com.br\/noticia\/imagens\/resumo-mania-de-voce-novela-globo-400x225.jpg 400w, https:\/\/www.redenoticia.com.br\/noticia\/imagens\/resumo-mania-de-voce-novela-globo-768x432.jpg 768w, https:\/\/www.redenoticia.com.br\/noticia\/imagens\/resumo-mania-de-voce-novela-globo-150x85.jpg 150w\" sizes=\"auto, (max-width: 1280px) 100vw, 1280px\" \/> <\/p>\n<p><strong><em>Resumo da novela &#8220;Mania de Voc\u00ea&#8221;<\/em><\/strong> em 11\/12: no cap\u00edtulo 081(*) da novela, Viola acredita que Rodhes est\u00e1 apaixonado por Luma. Iber\u00ea faz uma revela\u00e7\u00e3o a Rud\u00e1 e Moema. Volney confronta Mavi. Viola v\u00ea Luma se insinuando para Rud\u00e1.<\/p>\n<p>Viola expulsa Luma da comunidade. Mavi exige que Volney se afaste do resort e da vida de M\u00e9rcia. Rud\u00e1 afirma a Viola que a comunidade precisa do dinheiro de Luma. Cristiano \u00e9 agredido na pris\u00e3o. Rodhes acolhe Luma. Hugo desabafa com Robson sobre seu casamento. F\u00e1tima rejeita as investidas de Gael. Leidi tem acesso ao celular de Marlete. Luma volta para casa.<\/p>\n<p>Luma pede que Mavi deixe Rud\u00e1 e Viola em paz. Rodhes defende Luma para Viola. Mavi ordena que a estrada atravesse a comunidade. Michele elogia Daniel. Dhu e F\u00e1tima trocam confid\u00eancias sobre o amor. Hugo se surpreende com atitude de Diana. Leidi afirma a \u00cdsis e Sirlei que sabe o que fazer com Marlete. M\u00e9rcia tenta fazer Mavi desistir de sua ideia. Viola tenta impedir os planos de Mavi.  <\/p>\n<p>(*) edi\u00e7\u00e3o das novelas da Globo, &#8220;Mania de Voc\u00ea&#8221;, sujeito a altera\u00e7\u00e3o de data e conte\u00fado.<\/p>\n<p>Sinopse &#8220;Mania de Voc\u00ea&#8221;: Viola (Gabz) e Luma (Agatha Moreira), duas mulheres que nasceram no mesmo dia e se conhecem anos mais tarde, unidas por coincid\u00eancias que v\u00e3o al\u00e9m da data de anivers\u00e1rio. Uma jornada que as inclui num quarteto amoroso com Mavi (Chay Suede) e Rud\u00e1 (Nicolas Prattes) e que ser\u00e1 dividida entre a cumplicidade e a rivalidade, impactada por uma s\u00e9rie de circunst\u00e2ncias, como o segredo em torno de um assassinato. Como pano de fundo, o universo da gastronomia e o cen\u00e1rio da natureza paradis\u00edaca de Angra dos Reis.<\/p>\n<p>Na segunda fase de &#8220;Mania de Voc\u00ea&#8221;, que se passa 10 anos ap\u00f3s o assassinato de Molina (Rodrigo Lombardi), novos personagens aparecem na trama criada e escrita por Jo\u00e3o Emanuel Carneiro, com dire\u00e7\u00e3o art\u00edstica de Carlos Araujo. \u00c9 o caso da fam\u00edlia de Leidi (Thalita Carauta), que surge nos primeiros cap\u00edtulos da novela, mas retorna ao lado da fam\u00edlia na segunda fase, transformando a luxuosa rotina de \u00cdsis (Mariana Ximenes) em um pesadelo c\u00f4mico. <\/p>\n","protected":false},"excerpt":{"rendered":"<p>Resumo da novela &#8220;Mania de Voc\u00ea&#8221; em 11\/12: no cap\u00edtulo 081(*) da novela, Viola acredita que Rodhes est\u00e1 apaixonado por Luma. Iber\u00ea faz uma revela\u00e7\u00e3o a Rud\u00e1 e Moema. Volney confronta Mavi. Viola v\u00ea Luma se insinuando para Rud\u00e1. Viola expulsa Luma da comunidade. Mavi exige que Volney se afaste do resort e da vida [&hellip;]<\/p>\n","protected":false},"author":2,"featured_media":247026,"comment_status":"closed","ping_status":"closed","sticky":false,"template":"","format":"standard","meta":{"_genesis_hide_title":false,"_genesis_hide_breadcrumbs":false,"_genesis_hide_singular_image":false,"_genesis_hide_footer_widgets":false,"_genesis_custom_body_class":"","_genesis_custom_post_class":"","_genesis_layout":"","_jetpack_memberships_contains_paid_content":false,"footnotes":""},"categories":[2333,379,2025,343],"tags":[441],"class_list":{"0":"post-250188","1":"post","2":"type-post","3":"status-publish","4":"format-standard","5":"has-post-thumbnail","7":"category-mania-de-voce","8":"category-novelas","9":"category-resumo","10":"category-televisao","11":"tag-resumo-do-dia","12":"entry","13":"gs-1","14":"gs-odd","15":"gs-even","16":"gs-featured-content-entry"},"jetpack_featured_media_url":"https:\/\/www.redenoticia.com.br\/noticia\/imagens\/novela-mania-de-voce-resumo-rede-noticia.jpg","jetpack_sharing_enabled":true,"jetpack_likes_enabled":true,"_links":{"self":[{"href":"https:\/\/www.redenoticia.com.br\/noticia\/wp-json\/wp\/v2\/posts\/250188","targetHints":{"allow":["GET"]}}],"collection":[{"href":"https:\/\/www.redenoticia.com.br\/noticia\/wp-json\/wp\/v2\/posts"}],"about":[{"href":"https:\/\/www.redenoticia.com.br\/noticia\/wp-json\/wp\/v2\/types\/post"}],"author":[{"embeddable":true,"href":"https:\/\/www.redenoticia.com.br\/noticia\/wp-json\/wp\/v2\/users\/2"}],"replies":[{"embeddable":true,"href":"https:\/\/www.redenoticia.com.br\/noticia\/wp-json\/wp\/v2\/comments?post=250188"}],"version-history":[{"count":0,"href":"https:\/\/www.redenoticia.com.br\/noticia\/wp-json\/wp\/v2\/posts\/250188\/revisions"}],"wp:featuredmedia":[{"embeddable":true,"href":"https:\/\/www.redenoticia.com.br\/noticia\/wp-json\/wp\/v2\/media\/247026"}],"wp:attachment":[{"href":"https:\/\/www.redenoticia.com.br\/noticia\/wp-json\/wp\/v2\/media?parent=250188"}],"wp:term":[{"taxonomy":"category","embeddable":true,"href":"https:\/\/www.redenoticia.com.br\/noticia\/wp-json\/wp\/v2\/categories?post=250188"},{"taxonomy":"post_tag","embeddable":true,"href":"https:\/\/www.redenoticia.com.br\/noticia\/wp-json\/wp\/v2\/tags?post=250188"}],"curies":[{"name":"wp","href":"https:\/\/api.w.org\/{rel}","templated":true}]}}