{"id":249790,"date":"2024-11-27T08:45:23","date_gmt":"2024-11-27T11:45:23","guid":{"rendered":"https:\/\/www.redenoticia.com.br\/noticia\/?p=249790"},"modified":"2024-11-27T08:45:23","modified_gmt":"2024-11-27T11:45:23","slug":"resumo-cabocla-28-11-joaquim-pede-a-mao-de-zuca-em-casamento","status":"publish","type":"post","link":"https:\/\/www.redenoticia.com.br\/noticia\/2024\/resumo-cabocla-28-11-joaquim-pede-a-mao-de-zuca-em-casamento\/249790","title":{"rendered":"Resumo &#8220;Cabocla&#8221; 28\/11: Joaquim pede a m\u00e3o de Zuca em casamento"},"content":{"rendered":"<p> <img loading=\"lazy\" decoding=\"async\" src=\"https:\/\/www.redenoticia.com.br\/noticia\/imagens\/cabocla-resumo-novela.jpg\" alt=\"\" width=\"1280\" height=\"720\" class=\"aligncenter size-full wp-image-246754\" srcset=\"https:\/\/www.redenoticia.com.br\/noticia\/imagens\/cabocla-resumo-novela.jpg 1280w, https:\/\/www.redenoticia.com.br\/noticia\/imagens\/cabocla-resumo-novela-250x140.jpg 250w, https:\/\/www.redenoticia.com.br\/noticia\/imagens\/cabocla-resumo-novela-400x225.jpg 400w, https:\/\/www.redenoticia.com.br\/noticia\/imagens\/cabocla-resumo-novela-768x432.jpg 768w, https:\/\/www.redenoticia.com.br\/noticia\/imagens\/cabocla-resumo-novela-150x85.jpg 150w\" sizes=\"auto, (max-width: 1280px) 100vw, 1280px\" \/>  <\/p>\n<p><em><strong>Resumo da novela &#8220;Cabocla&#8221;<\/strong><\/em> em 28\/11: no cap\u00edtulo 082(*) da novela, Justino leva Pepa at\u00e9 o hotel de Z\u00e9 da Esta\u00e7\u00e3o e diz que tem muito respeito por ela. Chico diz a Zuca que a espanhola est\u00e1 com Justino, deixando-a feliz. O coronel decide passar uma noite no hotel tamb\u00e9m, mas deixa claro que quer um quarto separado. Tobias afirma para Tom\u00e9 que vai se vingar de todos que ajudaram Zuca a engan\u00e1-lo, incluindo Boanerges e Emerenciana. Lu\u00eds diz a Boanerges que vai pedir a Joaquim sua parte na heran\u00e7a para comprar uma fazenda por ali. Tobias pede suas contas a Boanerges, que fica inconformado. Julieta fala para Mariquinha que Pepa vai acabar tomando conta da casa, deixando-a preocupada. Generosa ofende Tina e Tom\u00e9 a defende. Tobias ouve Neco discursando e diz que votaria nele se ele fosse candidato. Neco se espanta. Belinha pede que o namorado se alie a Boanerges. Neco fica indignado com a proposta. Boanerges diz a Emerenciana que Tobias deve estar achando que eles o tra\u00edram. Mariquinha \u00e9 fria com Tobias. Neco estranha. Tom\u00e9 percebe que Tobias vai fazer alguma bobagem e decide ficar de olho nele. Belinha conta para Emerenciana que Neco ficou magoado com a sugest\u00e3o dela. Xex\u00e9u diz a Justino que seu caso com Pepa pode fazer com que ele perca a elei\u00e7\u00e3o.<\/p>\n<p>Lu\u00eds desconfia, mas n\u00e3o diz nada. Xex\u00e9u revela a Boanerges que Justino vai deixar que Neco concorra \u00e0 prefeitura em seu lugar e pergunta quanto o coronel lhe oferece para t\u00ea-lo ao seu lado. Pepa pergunta a Zuca se ela est\u00e1 apaixonada por Lu\u00eds. Neco afirma para Mariquinha que vai lutar contra Boanerges e que ele ainda vai lhe pedir que se case com Belinha. Neco diz a Mariquinha que n\u00e3o quer se submeter a Boanerges. Xex\u00e9u sugere ao coronel que ele ap\u00f3ie sua candidatura a vereador e afirma que, em troca, pode acabar com os planos de Neco. Boanerges fica indignado com a proposta e expulsa Xex\u00e9u. Pepa confessa para Zuca que inventou que estava gr\u00e1vida para descobrir o paradeiro de Lu\u00eds, deixando-a aliviada. Emerenciana pede que Tom\u00e9 n\u00e3o deixe Tobias fazer nenhuma besteira. Belinha se arrepende de ter pedido que Neco se aliasse a seu pai. Lu\u00eds vai visitar Zuca. <\/p>\n<p> Pepa diz a Bina que nunca esteve gr\u00e1vida e que Lu\u00eds \u00e9 mesmo apaixonado por sua filha. Joaquim chega a Pau D\u2019Alho e fica pasmo ao encontrar o advogado beijando Zuca. Lu\u00eds diz ao pai que pretende se casar com a cabocla. Justino anuncia para os filhos que vai se afastar da pol\u00edtica e sugere que Neco fique em seu lugar. Neco diz que vai pensar. Mariquinha fala para o irm\u00e3o que agora ele pode se unir a Boanerges se quiser. Joaquim diz a Lu\u00eds que se envergonharia de ter Zuca como nora. Bina ouve e fica muito magoada. O advogado diz ao pai que nada vai fazer com que ele mude de id\u00e9ia. O Vig\u00e1rio tenta convencer Boanerges a se aliar a Neco, em v\u00e3o. Joaquim pede a m\u00e3o de Zuca em casamento em nome de Lu\u00eds, mas pede que ela v\u00e1 morar no Rio, junto com eles.<\/p>\n<p>(*) edi\u00e7\u00e3o das novelas da Globo, &#8220;Cabocla&#8221;, sujeito a altera\u00e7\u00e3o de data e conte\u00fado.<\/p>\n<p>Sinopse \u201cCabocla\u201d: Lu\u00eds Jer\u00f4nimo \u00e9 um jovem mulherengo, descobre que est\u00e1 com uma les\u00e3o no pulm\u00e3o e decide passar uma temporada na fazenda de um primo em Vila da Mata, o coronel Boanerges. Ele logo se encanta por Zuca. Eles enfrentar\u00e3o muita resist\u00eancia por conta de Zuca ser noiva do teimoso e encrenqueiro pe\u00e3o Tobias. Pepa, apaixonada por Lu\u00eds, se estabelece na fazenda vizinha, de propriedade do coronel vi\u00favo Justino, inimigo pol\u00edtico do coronel Boanerges.<\/p>\n<p>Paralelamente a esse embate, acontece o amor entre Belinha e Neco. Ela \u00e9 filha de Boanerges e Emerenciana; ele, de Justino. Em meio a tudo isso, eis que os sentimentos de Mariquinha, filha do coronel Justino e irm\u00e3 de Neco, por Tobias afloraram, fazendo-os viverem um quarteto amoroso ao lado de Zuca e Lu\u00eds Jer\u00f4nimo. No decorrer da trama, Tom\u00e9 desiste de esperar Rosa e se apaixona por Tina, por\u00e9m acaba morrendo, v\u00edtima de um assassinato, e deixa Tina vi\u00fava e gr\u00e1vida dele.<\/p>\n","protected":false},"excerpt":{"rendered":"<p>Resumo da novela &#8220;Cabocla&#8221; em 28\/11: no cap\u00edtulo 082(*) da novela, Justino leva Pepa at\u00e9 o hotel de Z\u00e9 da Esta\u00e7\u00e3o e diz que tem muito respeito por ela. Chico diz a Zuca que a espanhola est\u00e1 com Justino, deixando-a feliz. O coronel decide passar uma noite no hotel tamb\u00e9m, mas deixa claro que quer [&hellip;]<\/p>\n","protected":false},"author":2,"featured_media":246755,"comment_status":"closed","ping_status":"closed","sticky":false,"template":"","format":"standard","meta":{"_genesis_hide_title":false,"_genesis_hide_breadcrumbs":false,"_genesis_hide_singular_image":false,"_genesis_hide_footer_widgets":false,"_genesis_custom_body_class":"","_genesis_custom_post_class":"","_genesis_layout":"","_jetpack_memberships_contains_paid_content":false,"footnotes":""},"categories":[2332,379,375,2025,343],"tags":[441],"class_list":{"0":"post-249790","1":"post","2":"type-post","3":"status-publish","4":"format-standard","5":"has-post-thumbnail","7":"category-cabocla","8":"category-novelas","9":"category-rede-globo","10":"category-resumo","11":"category-televisao","12":"tag-resumo-do-dia","13":"entry","14":"gs-1","15":"gs-odd","16":"gs-even","17":"gs-featured-content-entry"},"jetpack_featured_media_url":"https:\/\/www.redenoticia.com.br\/noticia\/imagens\/novela-cabocla-resumo-globo.jpg","jetpack_sharing_enabled":true,"jetpack_likes_enabled":true,"_links":{"self":[{"href":"https:\/\/www.redenoticia.com.br\/noticia\/wp-json\/wp\/v2\/posts\/249790","targetHints":{"allow":["GET"]}}],"collection":[{"href":"https:\/\/www.redenoticia.com.br\/noticia\/wp-json\/wp\/v2\/posts"}],"about":[{"href":"https:\/\/www.redenoticia.com.br\/noticia\/wp-json\/wp\/v2\/types\/post"}],"author":[{"embeddable":true,"href":"https:\/\/www.redenoticia.com.br\/noticia\/wp-json\/wp\/v2\/users\/2"}],"replies":[{"embeddable":true,"href":"https:\/\/www.redenoticia.com.br\/noticia\/wp-json\/wp\/v2\/comments?post=249790"}],"version-history":[{"count":0,"href":"https:\/\/www.redenoticia.com.br\/noticia\/wp-json\/wp\/v2\/posts\/249790\/revisions"}],"wp:featuredmedia":[{"embeddable":true,"href":"https:\/\/www.redenoticia.com.br\/noticia\/wp-json\/wp\/v2\/media\/246755"}],"wp:attachment":[{"href":"https:\/\/www.redenoticia.com.br\/noticia\/wp-json\/wp\/v2\/media?parent=249790"}],"wp:term":[{"taxonomy":"category","embeddable":true,"href":"https:\/\/www.redenoticia.com.br\/noticia\/wp-json\/wp\/v2\/categories?post=249790"},{"taxonomy":"post_tag","embeddable":true,"href":"https:\/\/www.redenoticia.com.br\/noticia\/wp-json\/wp\/v2\/tags?post=249790"}],"curies":[{"name":"wp","href":"https:\/\/api.w.org\/{rel}","templated":true}]}}