{"id":2494,"date":"2009-06-07T17:53:43","date_gmt":"2009-06-07T21:53:43","guid":{"rendered":"http:\/\/www.redenoticia.com.br\/noticia\/?p=2494"},"modified":"2009-06-07T18:48:39","modified_gmt":"2009-06-07T22:48:39","slug":"vereador-nilton-cezar-propoe-que-nova-colina-e-nova-londrina-sejam-distritos-de-ji-parana","status":"publish","type":"post","link":"https:\/\/www.redenoticia.com.br\/noticia\/2009\/vereador-nilton-cezar-propoe-que-nova-colina-e-nova-londrina-sejam-distritos-de-ji-parana\/2494","title":{"rendered":"Vereador Nilton C\u00e9zar prop\u00f5e que Nova Colina e Nova Londrina sejam distritos de Ji-Paran\u00e1"},"content":{"rendered":"<p class=\"MsoNormal\" style=\"background: white none repeat scroll 0%; text-align: justify;\"><strong><\/strong><span style=\"font-size: 11pt; font-family: Arial;\"><br \/>\nTransformar os nuares de Nova Colina e Nova Londrina em distritos. Essa \u00e9 a proposta postulada pelo presidente da C\u00e2mara Municipal de Ji-Paran\u00e1, vereador Nilton C\u00e9zar Rios (PSB), ao executivo na \u00faltima sexta-feira (5), que pretende beneficiar a popula\u00e7\u00e3o daquele setor. Um dos objetivos da mudan\u00e7a \u00e9 fazer a regulariza\u00e7\u00e3o fundi\u00e1ria da regi\u00e3o.<\/span><\/p>\n<p class=\"MsoNormal\" style=\"background: white none repeat scroll 0%; text-align: justify;\"><span style=\"font-size: 11pt; font-family: Arial;\">Segundo Nilton C\u00e9zar, estando os propriet\u00e1rios com seus im\u00f3veis documentados \u00e9 poss\u00edvel o recebimento de verbas para aquelas \u00e1reas. &#8220;Sendo na forma que est\u00e3o (nuares), impossibilita a regulariza\u00e7\u00e3o e n\u00e3o tem condi\u00e7\u00f5es de documentar os terrenos por ser cadastrado como propriedade rural&#8221;, argumentou alegando de que os im\u00f3veis ser\u00e3o valorizados e como distritos t\u00eam condi\u00e7\u00f5es de se desenvolver cada vez mais, &#8220;\u00e9 um sonho daqueles moradores&#8221;, enfatiza.<\/span><\/p>\n<p class=\"MsoNormal\" style=\"background: white none repeat scroll 0%; text-align: justify;\"><span style=\"font-size: 11pt; font-family: Arial;\"> O vereador esteve na \u00faltima semana estudando a dimens\u00e3o que se poderia englobar com a consuma\u00e7\u00e3o do proposto com o representante do Instituto Brasileiro de Geografia e Estat\u00edstica (IBGE), Joaquim Lamego, que recentemente estudou toda regi\u00e3o a servi\u00e7o do IBGE e constatou que &#8220;a \u00e1rea de a<span>mbos os nuares est\u00e3o totalmente valorizados e com amplitude econ\u00f4mica, e que existem <\/span>regi\u00f5es menores e menos desenvolvidas que j\u00e1 conquistaram sua emancipa\u00e7\u00e3o. Sendo consumado, o pedido ir\u00e1 contribuir para o progresso em Ji-Paran\u00e1&#8221;, disse Lamego.<span><\/span><\/span><\/p>\n<p class=\"MsoNormal\" style=\"background: white none repeat scroll 0%; text-align: justify;\"><span style=\"font-size: 11pt; font-family: Arial;\">O vereador Nilton C\u00e9zar destacou que j\u00e1 era para serem transformados em distritos os dois nuares por serem grandes e j\u00e1 possu\u00edrem \u00e1reas comerciais. <\/span><\/p>\n<p class=\"MsoNormal\" style=\"background: white none repeat scroll 0%; text-align: justify;\"><span style=\"font-size: 11pt; font-family: Arial;\">Em contato telef\u00f4nico com o Secret\u00e1rio Municipal de Governo, Dr. Rui Vieira, disse que se for aprovado ir\u00e1 garantir o desenvolvimento r\u00e1pido. &#8220;Com a legalidade o recebimento de verbas do Governo Federal e dos parlamentares de Rond\u00f4nia ser\u00e1 importante para o desenvolvimento local a partir da regulariza\u00e7\u00e3o da situa\u00e7\u00e3o fundi\u00e1ria&#8221;, defendeu.<span> <\/span><\/span><\/p>\n<p class=\"MsoNormal\" style=\"background: white none repeat scroll 0%; text-align: justify;\"><span style=\"font-size: 11pt; font-family: Arial;\">O requerimento proposto foi encaminhado ao Prefeito Municipal, Jos\u00e9 de Abreu Bianco (DEM), para que transforme em lei e encaminhe \u00e0 C\u00e2mara de para serem apreciados pelos demais vereadores com urg\u00eancia.<\/span><\/p>\n<p><span style=\"font-size: 11pt; font-family: Arial;\">Fonte: Assessoria<br \/>\n<!--[if !supportLineBreakNewLine]--><br \/>\n<!--[endif]--><\/span><\/p>\n","protected":false},"excerpt":{"rendered":"<p>Transformar os nuares de Nova Colina e Nova Londrina em distritos. Essa \u00e9 a proposta postulada pelo presidente da C\u00e2mara Municipal de Ji-Paran\u00e1, vereador Nilton C\u00e9zar Rios (PSB), ao executivo na \u00faltima sexta-feira (5), que pretende beneficiar a popula\u00e7\u00e3o daquele setor. Um dos objetivos da mudan\u00e7a \u00e9 fazer a regulariza\u00e7\u00e3o fundi\u00e1ria da regi\u00e3o. Segundo Nilton [&hellip;]<\/p>\n","protected":false},"author":3,"featured_media":0,"comment_status":"open","ping_status":"open","sticky":false,"template":"","format":"standard","meta":{"_genesis_hide_title":false,"_genesis_hide_breadcrumbs":false,"_genesis_hide_singular_image":false,"_genesis_hide_footer_widgets":false,"_genesis_custom_body_class":"","_genesis_custom_post_class":"","_genesis_layout":"","_jetpack_memberships_contains_paid_content":false,"footnotes":""},"categories":[22],"tags":[],"class_list":{"0":"post-2494","1":"post","2":"type-post","3":"status-publish","4":"format-standard","6":"category-brasil","7":"entry","8":"gs-1","9":"gs-odd","10":"gs-even","11":"gs-featured-content-entry"},"jetpack_featured_media_url":"","jetpack_sharing_enabled":true,"jetpack_likes_enabled":true,"_links":{"self":[{"href":"https:\/\/www.redenoticia.com.br\/noticia\/wp-json\/wp\/v2\/posts\/2494","targetHints":{"allow":["GET"]}}],"collection":[{"href":"https:\/\/www.redenoticia.com.br\/noticia\/wp-json\/wp\/v2\/posts"}],"about":[{"href":"https:\/\/www.redenoticia.com.br\/noticia\/wp-json\/wp\/v2\/types\/post"}],"author":[{"embeddable":true,"href":"https:\/\/www.redenoticia.com.br\/noticia\/wp-json\/wp\/v2\/users\/3"}],"replies":[{"embeddable":true,"href":"https:\/\/www.redenoticia.com.br\/noticia\/wp-json\/wp\/v2\/comments?post=2494"}],"version-history":[{"count":0,"href":"https:\/\/www.redenoticia.com.br\/noticia\/wp-json\/wp\/v2\/posts\/2494\/revisions"}],"wp:attachment":[{"href":"https:\/\/www.redenoticia.com.br\/noticia\/wp-json\/wp\/v2\/media?parent=2494"}],"wp:term":[{"taxonomy":"category","embeddable":true,"href":"https:\/\/www.redenoticia.com.br\/noticia\/wp-json\/wp\/v2\/categories?post=2494"},{"taxonomy":"post_tag","embeddable":true,"href":"https:\/\/www.redenoticia.com.br\/noticia\/wp-json\/wp\/v2\/tags?post=2494"}],"curies":[{"name":"wp","href":"https:\/\/api.w.org\/{rel}","templated":true}]}}