{"id":240176,"date":"2023-12-05T13:56:42","date_gmt":"2023-12-05T16:56:42","guid":{"rendered":"https:\/\/www.redenoticia.com.br\/noticia\/?p=240176"},"modified":"2023-12-05T20:02:37","modified_gmt":"2023-12-05T23:02:37","slug":"resumo-paraiso-tropical-06-12-olavo-decide-impedir-que-paula-salve-daniel","status":"publish","type":"post","link":"https:\/\/www.redenoticia.com.br\/noticia\/2023\/resumo-paraiso-tropical-06-12-olavo-decide-impedir-que-paula-salve-daniel\/240176","title":{"rendered":"Resumo &#8220;Para\u00edso Tropical&#8221; 06\/12: Olavo decide impedir que Paula salve Daniel"},"content":{"rendered":"<p> <img loading=\"lazy\" decoding=\"async\" src=\"https:\/\/www.redenoticia.com.br\/noticia\/imagens\/paraiso-tropical-resumo-elenco.jpg\" alt=\"\" width=\"1280\" height=\"720\" class=\"aligncenter size-full wp-image-240065\" srcset=\"https:\/\/www.redenoticia.com.br\/noticia\/imagens\/paraiso-tropical-resumo-elenco.jpg 1280w, https:\/\/www.redenoticia.com.br\/noticia\/imagens\/paraiso-tropical-resumo-elenco-250x140.jpg 250w, https:\/\/www.redenoticia.com.br\/noticia\/imagens\/paraiso-tropical-resumo-elenco-400x225.jpg 400w, https:\/\/www.redenoticia.com.br\/noticia\/imagens\/paraiso-tropical-resumo-elenco-768x432.jpg 768w, https:\/\/www.redenoticia.com.br\/noticia\/imagens\/paraiso-tropical-resumo-elenco-150x85.jpg 150w\" sizes=\"auto, (max-width: 1280px) 100vw, 1280px\" \/> <\/p>\n<p><em><strong>Resumo da novela &#8220;Para\u00edso Tropical&#8221;<\/strong><\/em> em 06\/12: no cap\u00edtulo 008(*) da novela, Daniel abra\u00e7a Paula. J\u00e1der d\u00e1 a chave da su\u00edte de Daniel para Telma. Fabiana conta para Tiago e Rodrigo que vai passar o dia com Antenor, mas ele desmarca. Marion, propositadamente, estraga um pedacinho do vestido que usou na festa de Antenor para conseguir reaver, com a loja onde o comprou, o dinheiro que Cl\u00e1udio a emprestou. S\u00e9rgio entrega a fruteira a Marion. Neli pede que Joana n\u00e3o conte nada a Heitor. Virg\u00ednia pensa em mudar e Tiago conta que h\u00e1 apartamento vago no Copamar. Paula e Daniel marcam encontro. Telma e outras mulheres fazem uma festa com turistas na su\u00edte ao lado da de Daniel. <\/p>\n<p>Daniel convida Paula para ir para o Rio com ele. Paula nada conta sobre Am\u00e9lia e aceita. Paula e Daniel marcam encontro no aeroporto. Silveira invade a festa e descobre Telma, fingindo-se assustada, na su\u00edte de Daniel. Ela diz que ele fugiu pela janela. Virg\u00ednia reconhece Iracema, que avisa ser a s\u00edndica do pr\u00e9dio. Silveira prende Daniel, quando ele chega ao hotel. V\u00edtor fotografa. Bebel conta para J\u00e1der que Daniel estava com Paula e que, se ela for \u00e0 delegacia, tudo dar\u00e1 errado. Olavo decide impedir que Paula salve Daniel.<\/p>\n<p>(*) edi\u00e7\u00e3o das novelas da Globo, &#8220;Para\u00edso Tropical&#8221;, sujeito a altera\u00e7\u00e3o de data e conte\u00fado.<\/p>\n<p>Sinopse &#8220;Para\u00edso Tropical&#8221;: Olavo manda Bebel se encontrar com Paula no aeroporto, fingindo estar indo para a Amaz\u00f4nia trabalhar como recepcionista em um hotel em Manaus. Paula recebe uma liga\u00e7\u00e3o de Daniel, que a ofende por ser a filha de Am\u00e9lia, mas isso n\u00e3o passa de outra armadilha do plano de Olavo, que grampeou o celular de Daniel e editou trechos para formular a ofensa. Decepcionada, Paula decide embarcar para a Amaz\u00f4nia. <\/p>\n<p>Daniel volta para o Rio de Janeiro sem nunca ter entendido o sumi\u00e7o repentino de Paula, que tamb\u00e9m vai ao Rio em busca do seu passado e do seu av\u00f4 biol\u00f3gico. Nas ruas da cidade, Daniel encontra Paula por acaso e ela o trata de maneira r\u00edspida e grosseira. Entretanto, a mo\u00e7a trata-se de Ta\u00eds, mulher sensual, inteligente e ego\u00edsta, irm\u00e3 g\u00eamea de Paula.<\/p>\n","protected":false},"excerpt":{"rendered":"<p>Resumo da novela &#8220;Para\u00edso Tropical&#8221; em 06\/12: no cap\u00edtulo 008(*) da novela, Daniel abra\u00e7a Paula. J\u00e1der d\u00e1 a chave da su\u00edte de Daniel para Telma. Fabiana conta para Tiago e Rodrigo que vai passar o dia com Antenor, mas ele desmarca. Marion, propositadamente, estraga um pedacinho do vestido que usou na festa de Antenor para [&hellip;]<\/p>\n","protected":false},"author":2,"featured_media":240064,"comment_status":"closed","ping_status":"closed","sticky":false,"template":"","format":"standard","meta":{"_genesis_hide_title":false,"_genesis_hide_breadcrumbs":false,"_genesis_hide_singular_image":false,"_genesis_hide_footer_widgets":false,"_genesis_custom_body_class":"","_genesis_custom_post_class":"","_genesis_layout":"","_jetpack_memberships_contains_paid_content":false,"footnotes":""},"categories":[379,2322,375,2025,343],"tags":[441],"class_list":{"0":"post-240176","1":"post","2":"type-post","3":"status-publish","4":"format-standard","5":"has-post-thumbnail","7":"category-novelas","8":"category-paraiso-tropical","9":"category-rede-globo","10":"category-resumo","11":"category-televisao","12":"tag-resumo-do-dia","13":"entry","14":"gs-1","15":"gs-odd","16":"gs-even","17":"gs-featured-content-entry"},"jetpack_featured_media_url":"https:\/\/www.redenoticia.com.br\/noticia\/imagens\/paraiso-tropical-novela-resumo-logo.jpg","jetpack_sharing_enabled":true,"jetpack_likes_enabled":true,"_links":{"self":[{"href":"https:\/\/www.redenoticia.com.br\/noticia\/wp-json\/wp\/v2\/posts\/240176","targetHints":{"allow":["GET"]}}],"collection":[{"href":"https:\/\/www.redenoticia.com.br\/noticia\/wp-json\/wp\/v2\/posts"}],"about":[{"href":"https:\/\/www.redenoticia.com.br\/noticia\/wp-json\/wp\/v2\/types\/post"}],"author":[{"embeddable":true,"href":"https:\/\/www.redenoticia.com.br\/noticia\/wp-json\/wp\/v2\/users\/2"}],"replies":[{"embeddable":true,"href":"https:\/\/www.redenoticia.com.br\/noticia\/wp-json\/wp\/v2\/comments?post=240176"}],"version-history":[{"count":0,"href":"https:\/\/www.redenoticia.com.br\/noticia\/wp-json\/wp\/v2\/posts\/240176\/revisions"}],"wp:featuredmedia":[{"embeddable":true,"href":"https:\/\/www.redenoticia.com.br\/noticia\/wp-json\/wp\/v2\/media\/240064"}],"wp:attachment":[{"href":"https:\/\/www.redenoticia.com.br\/noticia\/wp-json\/wp\/v2\/media?parent=240176"}],"wp:term":[{"taxonomy":"category","embeddable":true,"href":"https:\/\/www.redenoticia.com.br\/noticia\/wp-json\/wp\/v2\/categories?post=240176"},{"taxonomy":"post_tag","embeddable":true,"href":"https:\/\/www.redenoticia.com.br\/noticia\/wp-json\/wp\/v2\/tags?post=240176"}],"curies":[{"name":"wp","href":"https:\/\/api.w.org\/{rel}","templated":true}]}}