{"id":23959,"date":"2010-03-01T22:52:55","date_gmt":"2010-03-02T02:52:55","guid":{"rendered":"http:\/\/www.redenoticia.com.br\/noticia\/?p=23959"},"modified":"2012-04-02T15:41:20","modified_gmt":"2012-04-02T18:41:20","slug":"resumo-de-novela-poder-paralelo-revela-guri-nesta-terca-feira-0203","status":"publish","type":"post","link":"https:\/\/www.redenoticia.com.br\/noticia\/2010\/resumo-de-novela-poder-paralelo-revela-guri-nesta-terca-feira-0203\/23959","title":{"rendered":"Resumo de Novela &#8211; Poder Paralelo revela Guri nesta ter\u00e7a-feira (02\/03)"},"content":{"rendered":"<p><strong><em><img loading=\"lazy\" decoding=\"async\" class=\"alignleft size-full wp-image-17363\" title=\"novela record poder paralelo\" src=\"https:\/\/www.redenoticia.com.br\/noticia\/imagens\/novela-record-poder-paralelo.jpg\" alt=\"\" width=\"300\" height=\"193\" srcset=\"https:\/\/www.redenoticia.com.br\/noticia\/imagens\/novela-record-poder-paralelo.jpg 300w, https:\/\/www.redenoticia.com.br\/noticia\/imagens\/novela-record-poder-paralelo-250x160.jpg 250w, https:\/\/www.redenoticia.com.br\/noticia\/imagens\/novela-record-poder-paralelo-150x96.jpg 150w\" sizes=\"auto, (max-width: 300px) 100vw, 300px\" \/>Resumo de Novela Poder Paralelo<\/em><\/strong> &#8211; o \u00faltimo cap\u00edtulo da novela Poder Paralelo ser\u00e1 exibido nesta ter\u00e7a-feira (02) e a expectativa pela revela\u00e7\u00e3o da identidade do Guri \u00e9 grande entre o elenco do folhetim. As grava\u00e7\u00f5es acabaram neste s\u00e1bado.\u00a0Um dos destaques da novela foi Petr\u00f4nio Gontijo, que interpretou o drogado Rudi. O ator revela que a repercuss\u00e3o nas ruas foi seu maior presente. \u201cFoi um personagem em constante transforma\u00e7\u00e3o em Poder Paralelo. Por ser t\u00e3o bem escrito e dirigido n\u00e3o houve julgamento dos telespectadores. Era para haver uma repulsa por causa das suas atitudes, mas ningu\u00e9m atirou a primeira pedra. A novela cumpriu um papel did\u00e1tico e fico feliz por ter feito parte deste time\u201d, declara.<\/p>\n<p>Adriana Garambone, a int\u00e9rprete de Maura em Poder Paralelo, se derrete em elogios ao autor Lauro C\u00e9sar Muniz e ao diretor Ign\u00e1cio Coqueiro, respons\u00e1vel por sua escala\u00e7\u00e3o para o papel. \u201cMaura me deu a oportunidade de fazer cenas boas, mas todo o elenco teve a oportunidade de brilhar. O Lauro conseguiu manter a ess\u00eancia dos personagens ao longo da trama e isso \u00e9 raro. Muitos autores se perdem ao longo da hist\u00f3ria\u201d, diz. Outra revela\u00e7\u00e3o de Adriana \u00e9 sobre a identidade de Guri. \u201cMinhas suspeitas se confirmaram, mas n\u00e3o posso contar nadinha. \u00c9 uma pena n\u00e3o ter sido a Maura, porque eu poderia ter me vingado de todas as trai\u00e7\u00f5es do Bruno (Marcelo Serrado).\u201d<\/p>\n<p>J\u00e1 Castrinho, que deu vida ao traficante Pav\u00e3o em Poder Paralelo, deu o seu palpite sobre a identidade do serial killer durante um intervalo das grava\u00e7\u00f5es no complexo RecNov, em Vargem Grande, zona oeste do Rio. \u201cA essa altura do campeonato voc\u00ea precisa ir por elimina\u00e7\u00e3o. A Neide (Maria Carolina Ribeiro) sempre esteve envolvida com todos os casos. Ela poderia ser o bra\u00e7o direito do Guri, j\u00e1 que n\u00e3o acredito que ele seja apenas uma pessoa. Outro suspeito \u00e9 o Paulo (Nicola Siri) que j\u00e1 foi da DEA, mas tinha liga\u00e7\u00e3o com o tr\u00e1fico\u201d, revela.<\/p>\n<p>Com a sensa\u00e7\u00e3o de dever cumprido, ap\u00f3s quase um ano de trabalho, Lauro C\u00e9sar Muniz revela quem em sua opini\u00e3o roubou a cena na novela Poder Paralelo. \u201cJ\u00e1 conhecia o trabalho do Gabriel Braga Nunes e da Paloma Duarte, por isso os que me surpreenderam foram Miriam Freeland, Petr\u00f4nio Gontijo e Guilherme Boury, o Pedro da hist\u00f3ria.\u201d<\/p>\n<p>J\u00e1 Ign\u00e1cio Coqueiro fez um balan\u00e7o final da trama Poder Paralelo\u00a0e diz que agora s\u00f3 quer saber de f\u00e9rias. \u201cFizemos o produto mais assistido da casa e o desafio foi manter a autoestima do elenco ao longo da maratona. J\u00e1 fiz novelas em que o grupo desistia no meio, mas em &#8220;Poder Paralelo&#8221; todos demonstraram garra at\u00e9 o \u00faltimo cap\u00edtulo.\u201d<\/p>\n<p>Poder Paralelo &#8211; novela da Record\u00a0<\/p>\n<p>Fonte Record Entretenimento<\/p>\n","protected":false},"excerpt":{"rendered":"<p>Resumo de Novela Poder Paralelo &#8211; o \u00faltimo cap\u00edtulo da novela Poder Paralelo ser\u00e1 exibido nesta ter\u00e7a-feira (02) e a expectativa pela revela\u00e7\u00e3o da identidade do Guri \u00e9 grande entre o elenco do folhetim. As grava\u00e7\u00f5es acabaram neste s\u00e1bado.\u00a0Um dos destaques da novela foi Petr\u00f4nio Gontijo, que interpretou o drogado Rudi. O ator revela que [&hellip;]<\/p>\n","protected":false},"author":3,"featured_media":17363,"comment_status":"open","ping_status":"open","sticky":false,"template":"","format":"standard","meta":{"_genesis_hide_title":false,"_genesis_hide_breadcrumbs":false,"_genesis_hide_singular_image":false,"_genesis_hide_footer_widgets":false,"_genesis_custom_body_class":"","_genesis_custom_post_class":"","_genesis_layout":"","_jetpack_memberships_contains_paid_content":false,"footnotes":""},"categories":[22,379,371,343],"tags":[],"class_list":{"0":"post-23959","1":"post","2":"type-post","3":"status-publish","4":"format-standard","5":"has-post-thumbnail","7":"category-brasil","8":"category-novelas","9":"category-rede-record","10":"category-televisao","11":"entry","12":"gs-1","13":"gs-odd","14":"gs-even","15":"gs-featured-content-entry"},"jetpack_featured_media_url":"https:\/\/www.redenoticia.com.br\/noticia\/imagens\/novela-record-poder-paralelo.jpg","jetpack_sharing_enabled":true,"jetpack_likes_enabled":true,"_links":{"self":[{"href":"https:\/\/www.redenoticia.com.br\/noticia\/wp-json\/wp\/v2\/posts\/23959","targetHints":{"allow":["GET"]}}],"collection":[{"href":"https:\/\/www.redenoticia.com.br\/noticia\/wp-json\/wp\/v2\/posts"}],"about":[{"href":"https:\/\/www.redenoticia.com.br\/noticia\/wp-json\/wp\/v2\/types\/post"}],"author":[{"embeddable":true,"href":"https:\/\/www.redenoticia.com.br\/noticia\/wp-json\/wp\/v2\/users\/3"}],"replies":[{"embeddable":true,"href":"https:\/\/www.redenoticia.com.br\/noticia\/wp-json\/wp\/v2\/comments?post=23959"}],"version-history":[{"count":0,"href":"https:\/\/www.redenoticia.com.br\/noticia\/wp-json\/wp\/v2\/posts\/23959\/revisions"}],"wp:featuredmedia":[{"embeddable":true,"href":"https:\/\/www.redenoticia.com.br\/noticia\/wp-json\/wp\/v2\/media\/17363"}],"wp:attachment":[{"href":"https:\/\/www.redenoticia.com.br\/noticia\/wp-json\/wp\/v2\/media?parent=23959"}],"wp:term":[{"taxonomy":"category","embeddable":true,"href":"https:\/\/www.redenoticia.com.br\/noticia\/wp-json\/wp\/v2\/categories?post=23959"},{"taxonomy":"post_tag","embeddable":true,"href":"https:\/\/www.redenoticia.com.br\/noticia\/wp-json\/wp\/v2\/tags?post=23959"}],"curies":[{"name":"wp","href":"https:\/\/api.w.org\/{rel}","templated":true}]}}