{"id":239352,"date":"2023-11-13T12:50:56","date_gmt":"2023-11-13T15:50:56","guid":{"rendered":"https:\/\/www.redenoticia.com.br\/noticia\/?p=239352"},"modified":"2023-11-13T12:50:56","modified_gmt":"2023-11-13T15:50:56","slug":"resumo-meu-pecado-14-11-carmelo-foge-da-policia","status":"publish","type":"post","link":"https:\/\/www.redenoticia.com.br\/noticia\/2023\/resumo-meu-pecado-14-11-carmelo-foge-da-policia\/239352","title":{"rendered":"Resumo \u201cMeu Pecado\u201d 14\/11: Carmelo foge da pol\u00edcia"},"content":{"rendered":"<p> <img loading=\"lazy\" decoding=\"async\" class=\"aligncenter size-full wp-image-235437\" src=\"https:\/\/www.redenoticia.com.br\/noticia\/imagens\/novela-meu-pecado-resumo-capitulos-elenco-personagens-logo-redenoticia-sbt.jpg\" alt=\"\" width=\"1280\" height=\"720\" srcset=\"https:\/\/www.redenoticia.com.br\/noticia\/imagens\/novela-meu-pecado-resumo-capitulos-elenco-personagens-logo-redenoticia-sbt.jpg 1280w, https:\/\/www.redenoticia.com.br\/noticia\/imagens\/novela-meu-pecado-resumo-capitulos-elenco-personagens-logo-redenoticia-sbt-250x140.jpg 250w, https:\/\/www.redenoticia.com.br\/noticia\/imagens\/novela-meu-pecado-resumo-capitulos-elenco-personagens-logo-redenoticia-sbt-400x225.jpg 400w, https:\/\/www.redenoticia.com.br\/noticia\/imagens\/novela-meu-pecado-resumo-capitulos-elenco-personagens-logo-redenoticia-sbt-768x432.jpg 768w, https:\/\/www.redenoticia.com.br\/noticia\/imagens\/novela-meu-pecado-resumo-capitulos-elenco-personagens-logo-redenoticia-sbt-150x84.jpg 150w\" sizes=\"auto, (max-width: 1280px) 100vw, 1280px\" \/><\/p>\n<p><strong><em>Resumo da novela \u201cMeu Pecado\u201d<\/em><\/strong> em 14\/11: no cap\u00edtulo 077(*) da novela, O doutor de Teresa informa a Assun\u00e7\u00e3o e Manuel que ela est\u00e1 melhorando e em breve sair\u00e1 da terapia intensiva. Branquinha procura Josu\u00e9 em sua casa, mas ao chegar Renata abre a porta e lhe diz que ela j\u00e1 est\u00e1 vivendo com ele. Branquinha fica muito desiludida e vai embora sem saber que tudo n\u00e3o passa de mentiras de Renata. Juliano est\u00e1 disposto a se casar com Lucr\u00e9cia e ser o pai do seu filho ainda que exista a possibilidade da crian\u00e7a ser de Carmelo. Teresa confessa a Manuel e Assun\u00e7\u00e3o que foi Carmelo quem a empurrou das escadas.<\/p>\n<p>Diante de Assun\u00e7\u00e3o e Manuel, Tereza acusa o irm\u00e3o de tentar mat\u00e1-la. Carmelo vai embora. Assun\u00e7\u00e3o vai atr\u00e1s dele e exige uma explica\u00e7\u00e3o. Ele jura que foi um acidente, mas a governanta percebe que est\u00e1 mentindo. Manuel leva Tereza e Assun\u00e7\u00e3o para passar alguns dias na casa do padre Matias. Tereza ouve uma conversa entre o padre e Assun\u00e7\u00e3o e fica sabendo que Carmelo matou seu pai. <\/p>\n<p>Revoltada, Tereza diz \u00e0 pol\u00edcia que Assun\u00e7\u00e3o sabe algo sobre a morte de seu pai e a empregada \u00e9 interrogada. Ela afirma que tem provas do envolvimento de Carmelo na morte do pai e leva os policiais at\u00e9 a casa de Carmelo. Ao perceber a presen\u00e7a da pol\u00edcia, Carmelo foge. Ros\u00e1rio quer romper o contrato de trabalho que tem com Juliano, mas ele n\u00e3o aceita. Ao saber da inten\u00e7\u00e3o da m\u00e3e, Lucr\u00e9cia diz que n\u00e3o pode tomar essa decis\u00e3o sozinha por ela \u00e9 dona de parte do neg\u00f3cio. Lorena \u00e9 desprezada por Miguel. <\/p>\n<p>(*) edi\u00e7\u00e3o das novelas do SBT, \u201cMeu Pecado\u201d, sujeito a altera\u00e7\u00e3o de data e conte\u00fado.<\/p>\n<p>Sinopse \u201cMeu Pecado\u201d: Com o passar dos anos, Lucr\u00e9cia (Maite Perroni) e Juliano (Eugenio Siller) se reencontram e seu amor renasce. Lucr\u00e9cia n\u00e3o volta sozinha, vem acompanhada de sua prima Renata (Jessica Coch), que assassinou a diretora do internato em que ela e Lucr\u00e9cia estudavam. Paulino sofre uma crise econ\u00f4mica e Ramiro exige casar com sua filha Lucr\u00e9cia. Mas Carmelo se imp\u00f5e contra o casamento, e o assassina a tiros.<\/p>\n<p>Juliano \u00e9 acusado injustamente por este crime e com isso Lucr\u00e9cia se v\u00ea obrigada a casar-se com Carmelo para evitar a ru\u00edna de seu pai e que Juliano fosse acusado injustamente. Juliano vai embora do povoado, convencido de que Lucr\u00e9cia o traiu. Um tempo depois, Carmelo fica sabendo que Juliano voltou e se inicia a guerra entre os dois pelo amor de Lucr\u00e9cia. No final, Lucr\u00e9cia descobre o porque da rejei\u00e7\u00e3o misteriosa da sua m\u00e3e.<\/p>\n","protected":false},"excerpt":{"rendered":"<p>Resumo da novela \u201cMeu Pecado\u201d em 14\/11: no cap\u00edtulo 077(*) da novela, O doutor de Teresa informa a Assun\u00e7\u00e3o e Manuel que ela est\u00e1 melhorando e em breve sair\u00e1 da terapia intensiva. Branquinha procura Josu\u00e9 em sua casa, mas ao chegar Renata abre a porta e lhe diz que ela j\u00e1 est\u00e1 vivendo com ele. [&hellip;]<\/p>\n","protected":false},"author":4,"featured_media":235438,"comment_status":"closed","ping_status":"closed","sticky":false,"template":"","format":"standard","meta":{"_genesis_hide_title":false,"_genesis_hide_breadcrumbs":false,"_genesis_hide_singular_image":false,"_genesis_hide_footer_widgets":false,"_genesis_custom_body_class":"","_genesis_custom_post_class":"","_genesis_layout":"","_jetpack_memberships_contains_paid_content":false,"footnotes":""},"categories":[2313,379,2025,372,343],"tags":[441],"class_list":{"0":"post-239352","1":"post","2":"type-post","3":"status-publish","4":"format-standard","5":"has-post-thumbnail","7":"category-meu-pecado","8":"category-novelas","9":"category-resumo","10":"category-sbt","11":"category-televisao","12":"tag-resumo-do-dia","13":"entry","14":"gs-1","15":"gs-odd","16":"gs-even","17":"gs-featured-content-entry"},"jetpack_featured_media_url":"https:\/\/www.redenoticia.com.br\/noticia\/imagens\/meu-pecado-novela-resumo-sbt.jpg","jetpack_sharing_enabled":true,"jetpack_likes_enabled":true,"_links":{"self":[{"href":"https:\/\/www.redenoticia.com.br\/noticia\/wp-json\/wp\/v2\/posts\/239352","targetHints":{"allow":["GET"]}}],"collection":[{"href":"https:\/\/www.redenoticia.com.br\/noticia\/wp-json\/wp\/v2\/posts"}],"about":[{"href":"https:\/\/www.redenoticia.com.br\/noticia\/wp-json\/wp\/v2\/types\/post"}],"author":[{"embeddable":true,"href":"https:\/\/www.redenoticia.com.br\/noticia\/wp-json\/wp\/v2\/users\/4"}],"replies":[{"embeddable":true,"href":"https:\/\/www.redenoticia.com.br\/noticia\/wp-json\/wp\/v2\/comments?post=239352"}],"version-history":[{"count":0,"href":"https:\/\/www.redenoticia.com.br\/noticia\/wp-json\/wp\/v2\/posts\/239352\/revisions"}],"wp:featuredmedia":[{"embeddable":true,"href":"https:\/\/www.redenoticia.com.br\/noticia\/wp-json\/wp\/v2\/media\/235438"}],"wp:attachment":[{"href":"https:\/\/www.redenoticia.com.br\/noticia\/wp-json\/wp\/v2\/media?parent=239352"}],"wp:term":[{"taxonomy":"category","embeddable":true,"href":"https:\/\/www.redenoticia.com.br\/noticia\/wp-json\/wp\/v2\/categories?post=239352"},{"taxonomy":"post_tag","embeddable":true,"href":"https:\/\/www.redenoticia.com.br\/noticia\/wp-json\/wp\/v2\/tags?post=239352"}],"curies":[{"name":"wp","href":"https:\/\/api.w.org\/{rel}","templated":true}]}}