{"id":237209,"date":"2023-09-17T18:01:33","date_gmt":"2023-09-17T21:01:33","guid":{"rendered":"https:\/\/www.redenoticia.com.br\/noticia\/?p=237209"},"modified":"2023-09-17T18:01:33","modified_gmt":"2023-09-17T21:01:33","slug":"resumo-a-infancia-de-romeu-e-julieta-18-09-teo-encontra-sofia","status":"publish","type":"post","link":"https:\/\/www.redenoticia.com.br\/noticia\/2023\/resumo-a-infancia-de-romeu-e-julieta-18-09-teo-encontra-sofia\/237209","title":{"rendered":"Resumo \u201cA Inf\u00e2ncia de Romeu e Julieta\u201d 18\/09: T\u00e9o encontra Sofia"},"content":{"rendered":"<p> <img loading=\"lazy\" decoding=\"async\" src=\"https:\/\/www.redenoticia.com.br\/noticia\/imagens\/novela-romeu-e-julieta-sbt-elenco-resumo.jpg\" alt=\"\" width=\"1280\" height=\"720\" class=\"aligncenter size-full wp-image-232242\" srcset=\"https:\/\/www.redenoticia.com.br\/noticia\/imagens\/novela-romeu-e-julieta-sbt-elenco-resumo.jpg 1280w, https:\/\/www.redenoticia.com.br\/noticia\/imagens\/novela-romeu-e-julieta-sbt-elenco-resumo-250x140.jpg 250w, https:\/\/www.redenoticia.com.br\/noticia\/imagens\/novela-romeu-e-julieta-sbt-elenco-resumo-400x225.jpg 400w, https:\/\/www.redenoticia.com.br\/noticia\/imagens\/novela-romeu-e-julieta-sbt-elenco-resumo-768x432.jpg 768w, https:\/\/www.redenoticia.com.br\/noticia\/imagens\/novela-romeu-e-julieta-sbt-elenco-resumo-150x84.jpg 150w\" sizes=\"auto, (max-width: 1280px) 100vw, 1280px\" \/><\/p>\n<p><strong><em>Resumo da novela \u201cA Inf\u00e2ncia de Romeu e Julieta\u201d<\/em><\/strong> em 18\/09: no cap\u00edtulo 096(*) da novela, ao chegar em casa, Romeu abre o envelope e visualiza a foto dele e de Julieta registrada quando eles eram beb\u00eas. Vitor comenta com P\u00f3rcia que Vera aceitou o projeto para adaptar o caf\u00e9 do Monter Mercado e aponta que o Armaz\u00e9m poderia ter sucesso com esse mesmo projeto. No Mundo da Imagina\u00e7\u00e3o, Dimitri, Ellen, Ian e Nath conhecem a hist\u00f3ria do Jo\u00e3o e o P\u00e9 de Feij\u00e3o e embarcam na aventura para ajudar Jo\u00e3o a recuperar os ouros roubados pelo gigante. <\/p>\n<p>Escondidos, Julieta e Romeu conversam sobre a suposta inoc\u00eancia de Mariana no crime, e Karen flagra os dois juntos. H\u00e9lio declara que as inscri\u00e7\u00f5es para o campeonato v\u00e3o se encerrar, e o Lado Vila pede mais tempo ao treinador, j\u00e1 que a equipe n\u00e3o est\u00e1 completa, mas H\u00e9lio nega. Incomodada, Telma pergunta a Mariana se ela est\u00e1 apaixonada por Mauro, mas a m\u00e3e de Julieta diz que Mauro \u00e9 apenas um amigo. Telma chama Mariana de sonsa e declara que a dona do Armaz\u00e9m atrapalhou o relacionamento dela com Daniel e, agora, com o Mauro.<\/p>\n<p>T\u00e9o encontra a menina talentosa do futebol, Sofia. Ela explica que \u00e9 nova no bairro e que mora no Lado Vila. T\u00e9o convida Sofia para entrar no CEC. Romeu pede explica\u00e7\u00e3o para Vera sobre o conv\u00edvio dele com Mariana no passado. Vera percebe que Romeu voltou a falar com Julieta. Alex encontra pulseira que L\u00edvia derrubou no ch\u00e3o e fica contente, pensando em uma oportunidade de alegr\u00e1-la.<\/p>\n<p>(*) edi\u00e7\u00e3o das novelas do SBT, \u201cA Inf\u00e2ncia de Romeu e Julieta\u201d, sujeito a altera\u00e7\u00e3o de data e conte\u00fado.<\/p>\n<p>Sinopse \u201cA Inf\u00e2ncia de Romeu e Julieta\u201d: A Trama se passa no bairro chamado castanheiras, em que duas fam\u00edlias com propostas diferentes para esse bairro vivem em disc\u00f3rdia, sendo divididas entre os lados Torre (Campos) e Vila (Monteiro).[6] Entretanto, Romeu (Miguel \u00c2ngelo) e Julieta (Vitt\u00f3ria Seixas) se conhecem, da\u00ed em diante, as fam\u00edlias rivais t\u00eam uma nova oportunidade de trazer paz e uni\u00e3o entre o conv\u00edvio deles. <\/p>\n<p>Romeu e Julieta n\u00e3o sabem como v\u00e3o fazer para ficarem juntos. A not\u00edcia do romance chega \u00e0s fam\u00edlias, que n\u00e3o gostam nada da hist\u00f3ria e tratam de afasta-los imediatamente, aprontando v\u00e1rias situa\u00e7\u00f5es. Romeu e Julieta querem acabar com essa hostilidade e tentam ir atr\u00e1s de uma solu\u00e7\u00e3o, mas ao descobrirem mais sobre a hist\u00f3ria de seus pais, percebem que pode ser imposs\u00edvel.<\/p>\n","protected":false},"excerpt":{"rendered":"<p>Resumo da novela \u201cA Inf\u00e2ncia de Romeu e Julieta\u201d em 18\/09: no cap\u00edtulo 096(*) da novela, ao chegar em casa, Romeu abre o envelope e visualiza a foto dele e de Julieta registrada quando eles eram beb\u00eas. Vitor comenta com P\u00f3rcia que Vera aceitou o projeto para adaptar o caf\u00e9 do Monter Mercado e aponta [&hellip;]<\/p>\n","protected":false},"author":3,"featured_media":232241,"comment_status":"closed","ping_status":"closed","sticky":false,"template":"","format":"standard","meta":{"_genesis_hide_title":false,"_genesis_hide_breadcrumbs":false,"_genesis_hide_singular_image":false,"_genesis_hide_footer_widgets":false,"_genesis_custom_body_class":"","_genesis_custom_post_class":"","_genesis_layout":"","_jetpack_memberships_contains_paid_content":false,"footnotes":""},"categories":[2306,379,2025,372,343],"tags":[441],"class_list":{"0":"post-237209","1":"post","2":"type-post","3":"status-publish","4":"format-standard","5":"has-post-thumbnail","7":"category-novela-romeu-e-julieta","8":"category-novelas","9":"category-resumo","10":"category-sbt","11":"category-televisao","12":"tag-resumo-do-dia","13":"entry","14":"gs-1","15":"gs-odd","16":"gs-even","17":"gs-featured-content-entry"},"jetpack_featured_media_url":"https:\/\/www.redenoticia.com.br\/noticia\/imagens\/logo-novela-romeu-e-julieta-sbt-elenco-resumo.jpg","jetpack_sharing_enabled":true,"jetpack_likes_enabled":true,"_links":{"self":[{"href":"https:\/\/www.redenoticia.com.br\/noticia\/wp-json\/wp\/v2\/posts\/237209","targetHints":{"allow":["GET"]}}],"collection":[{"href":"https:\/\/www.redenoticia.com.br\/noticia\/wp-json\/wp\/v2\/posts"}],"about":[{"href":"https:\/\/www.redenoticia.com.br\/noticia\/wp-json\/wp\/v2\/types\/post"}],"author":[{"embeddable":true,"href":"https:\/\/www.redenoticia.com.br\/noticia\/wp-json\/wp\/v2\/users\/3"}],"replies":[{"embeddable":true,"href":"https:\/\/www.redenoticia.com.br\/noticia\/wp-json\/wp\/v2\/comments?post=237209"}],"version-history":[{"count":0,"href":"https:\/\/www.redenoticia.com.br\/noticia\/wp-json\/wp\/v2\/posts\/237209\/revisions"}],"wp:featuredmedia":[{"embeddable":true,"href":"https:\/\/www.redenoticia.com.br\/noticia\/wp-json\/wp\/v2\/media\/232241"}],"wp:attachment":[{"href":"https:\/\/www.redenoticia.com.br\/noticia\/wp-json\/wp\/v2\/media?parent=237209"}],"wp:term":[{"taxonomy":"category","embeddable":true,"href":"https:\/\/www.redenoticia.com.br\/noticia\/wp-json\/wp\/v2\/categories?post=237209"},{"taxonomy":"post_tag","embeddable":true,"href":"https:\/\/www.redenoticia.com.br\/noticia\/wp-json\/wp\/v2\/tags?post=237209"}],"curies":[{"name":"wp","href":"https:\/\/api.w.org\/{rel}","templated":true}]}}