{"id":236949,"date":"2023-09-11T15:05:11","date_gmt":"2023-09-11T18:05:11","guid":{"rendered":"https:\/\/www.redenoticia.com.br\/noticia\/?p=236949"},"modified":"2023-09-11T15:05:11","modified_gmt":"2023-09-11T18:05:11","slug":"resumo-a-infancia-de-romeu-e-julieta-12-09-helio-anuncia-o-campeonato-de-futebol","status":"publish","type":"post","link":"https:\/\/www.redenoticia.com.br\/noticia\/2023\/resumo-a-infancia-de-romeu-e-julieta-12-09-helio-anuncia-o-campeonato-de-futebol\/236949","title":{"rendered":"Resumo \u201cA Inf\u00e2ncia de Romeu e Julieta\u201d 12\/09: H\u00e9lio anuncia o campeonato de futebol"},"content":{"rendered":"<p> <img loading=\"lazy\" decoding=\"async\" src=\"https:\/\/www.redenoticia.com.br\/noticia\/imagens\/novela-romeu-e-julieta-sbt-elenco-resumo.jpg\" alt=\"\" width=\"1280\" height=\"720\" class=\"aligncenter size-full wp-image-232242\" srcset=\"https:\/\/www.redenoticia.com.br\/noticia\/imagens\/novela-romeu-e-julieta-sbt-elenco-resumo.jpg 1280w, https:\/\/www.redenoticia.com.br\/noticia\/imagens\/novela-romeu-e-julieta-sbt-elenco-resumo-250x140.jpg 250w, https:\/\/www.redenoticia.com.br\/noticia\/imagens\/novela-romeu-e-julieta-sbt-elenco-resumo-400x225.jpg 400w, https:\/\/www.redenoticia.com.br\/noticia\/imagens\/novela-romeu-e-julieta-sbt-elenco-resumo-768x432.jpg 768w, https:\/\/www.redenoticia.com.br\/noticia\/imagens\/novela-romeu-e-julieta-sbt-elenco-resumo-150x84.jpg 150w\" sizes=\"auto, (max-width: 1280px) 100vw, 1280px\" \/><\/p>\n<p><strong><em>Resumo da novela \u201cA Inf\u00e2ncia de Romeu e Julieta\u201d<\/em><\/strong> em 12\/09: no cap\u00edtulo 092(*) da novela, ao lado de Telma, Karen declara a Mauro que ele jamais tomar\u00e1 o lugar do pai. Telma fica sem gra\u00e7a com o comportamento da filha. Chega o dia da inaugura\u00e7\u00e3o do Instituto Casa de Castanheiras, espa\u00e7o cultural que exp\u00f5e materiais e pe\u00e7as sobre a hist\u00f3ria do bairro. No CEC, H\u00e9lio anuncia aos alunos sobre a pr\u00f3xima temporada do campeonato de futebol. O Lado Vila vai em busca de mais integrantes, e o Lado Torre tenta trazer Romeu e Nando de volta ao time.<\/p>\n<p>P\u00f3rcia se encontra com Bass\u00e2nio e pede desculpas por cancelar o encontro, buscando reden\u00e7\u00e3o, P\u00f3rcia convida Bass\u00e2nio ao cinema. Vitor mostra os novos projetos do Monter Mercado para Vera. Mariana e Mauro saem para dar uma volta no Boulevard Verona, mas Telma passa pelo local e avista aos dois. Pedalzera arma pegadinha fedorenta contra o Dimitri, Ellen, Ian e Nath. Rosalina usa a confian\u00e7a que tem de Vera para convenc\u00ea-la em deixar Romeu voltar a treinar no CEC.<\/p>\n<p>Alex e Karen v\u00e3o at\u00e9 a casa de Nando para persuadir Gl\u00e1ucia e Fred. Eles alegam que Nando pode trazer o trof\u00e9u do campeonato e honrar a fam\u00edlia. Gl\u00e1ucia libera Nando a retornar ao CEC, mas pede ajuda \u00e0s crian\u00e7as para influenciar Leandro. Telma vai at\u00e9 o Armaz\u00e9m, revela a Daniel que Mariana se encontrou com Mauro e o cutuca, falando que provavelmente Mariana gosta do judoca. H\u00e9lio e Leandro visitam a inaugura\u00e7\u00e3o do instituto, e outro conflito ocorre.<\/p>\n<p>(*) edi\u00e7\u00e3o das novelas do SBT, \u201cA Inf\u00e2ncia de Romeu e Julieta\u201d, sujeito a altera\u00e7\u00e3o de data e conte\u00fado.<\/p>\n<p>Sinopse \u201cA Inf\u00e2ncia de Romeu e Julieta\u201d: A Trama se passa no bairro chamado castanheiras, em que duas fam\u00edlias com propostas diferentes para esse bairro vivem em disc\u00f3rdia, sendo divididas entre os lados Torre (Campos) e Vila (Monteiro).[6] Entretanto, Romeu (Miguel \u00c2ngelo) e Julieta (Vitt\u00f3ria Seixas) se conhecem, da\u00ed em diante, as fam\u00edlias rivais t\u00eam uma nova oportunidade de trazer paz e uni\u00e3o entre o conv\u00edvio deles. <\/p>\n<p>Romeu e Julieta n\u00e3o sabem como v\u00e3o fazer para ficarem juntos. A not\u00edcia do romance chega \u00e0s fam\u00edlias, que n\u00e3o gostam nada da hist\u00f3ria e tratam de afasta-los imediatamente, aprontando v\u00e1rias situa\u00e7\u00f5es. Romeu e Julieta querem acabar com essa hostilidade e tentam ir atr\u00e1s de uma solu\u00e7\u00e3o, mas ao descobrirem mais sobre a hist\u00f3ria de seus pais, percebem que pode ser imposs\u00edvel.<\/p>\n","protected":false},"excerpt":{"rendered":"<p>Resumo da novela \u201cA Inf\u00e2ncia de Romeu e Julieta\u201d em 12\/09: no cap\u00edtulo 092(*) da novela, ao lado de Telma, Karen declara a Mauro que ele jamais tomar\u00e1 o lugar do pai. Telma fica sem gra\u00e7a com o comportamento da filha. Chega o dia da inaugura\u00e7\u00e3o do Instituto Casa de Castanheiras, espa\u00e7o cultural que exp\u00f5e [&hellip;]<\/p>\n","protected":false},"author":2,"featured_media":232241,"comment_status":"closed","ping_status":"closed","sticky":false,"template":"","format":"standard","meta":{"_genesis_hide_title":false,"_genesis_hide_breadcrumbs":false,"_genesis_hide_singular_image":false,"_genesis_hide_footer_widgets":false,"_genesis_custom_body_class":"","_genesis_custom_post_class":"","_genesis_layout":"","_jetpack_memberships_contains_paid_content":false,"footnotes":""},"categories":[2306,379,2025,372,343],"tags":[441],"class_list":{"0":"post-236949","1":"post","2":"type-post","3":"status-publish","4":"format-standard","5":"has-post-thumbnail","7":"category-novela-romeu-e-julieta","8":"category-novelas","9":"category-resumo","10":"category-sbt","11":"category-televisao","12":"tag-resumo-do-dia","13":"entry","14":"gs-1","15":"gs-odd","16":"gs-even","17":"gs-featured-content-entry"},"jetpack_featured_media_url":"https:\/\/www.redenoticia.com.br\/noticia\/imagens\/logo-novela-romeu-e-julieta-sbt-elenco-resumo.jpg","jetpack_sharing_enabled":true,"jetpack_likes_enabled":true,"_links":{"self":[{"href":"https:\/\/www.redenoticia.com.br\/noticia\/wp-json\/wp\/v2\/posts\/236949","targetHints":{"allow":["GET"]}}],"collection":[{"href":"https:\/\/www.redenoticia.com.br\/noticia\/wp-json\/wp\/v2\/posts"}],"about":[{"href":"https:\/\/www.redenoticia.com.br\/noticia\/wp-json\/wp\/v2\/types\/post"}],"author":[{"embeddable":true,"href":"https:\/\/www.redenoticia.com.br\/noticia\/wp-json\/wp\/v2\/users\/2"}],"replies":[{"embeddable":true,"href":"https:\/\/www.redenoticia.com.br\/noticia\/wp-json\/wp\/v2\/comments?post=236949"}],"version-history":[{"count":0,"href":"https:\/\/www.redenoticia.com.br\/noticia\/wp-json\/wp\/v2\/posts\/236949\/revisions"}],"wp:featuredmedia":[{"embeddable":true,"href":"https:\/\/www.redenoticia.com.br\/noticia\/wp-json\/wp\/v2\/media\/232241"}],"wp:attachment":[{"href":"https:\/\/www.redenoticia.com.br\/noticia\/wp-json\/wp\/v2\/media?parent=236949"}],"wp:term":[{"taxonomy":"category","embeddable":true,"href":"https:\/\/www.redenoticia.com.br\/noticia\/wp-json\/wp\/v2\/categories?post=236949"},{"taxonomy":"post_tag","embeddable":true,"href":"https:\/\/www.redenoticia.com.br\/noticia\/wp-json\/wp\/v2\/tags?post=236949"}],"curies":[{"name":"wp","href":"https:\/\/api.w.org\/{rel}","templated":true}]}}