{"id":225979,"date":"2022-11-07T13:56:19","date_gmt":"2022-11-07T16:56:19","guid":{"rendered":"https:\/\/www.redenoticia.com.br\/noticia\/?p=225979"},"modified":"2022-11-07T13:56:19","modified_gmt":"2022-11-07T16:56:19","slug":"resumo-a-favorita-08-11-flora-atira-em-donatela","status":"publish","type":"post","link":"https:\/\/www.redenoticia.com.br\/noticia\/2022\/resumo-a-favorita-08-11-flora-atira-em-donatela\/225979","title":{"rendered":"Resumo &#8220;A Favorita&#8221; 08\/11: Flora atira em Donatela"},"content":{"rendered":"<p> <img loading=\"lazy\" decoding=\"async\" src=\"https:\/\/www.redenoticia.com.br\/noticia\/imagens\/afavorita2.jpg\" alt=\"\" width=\"1280\" height=\"720\" class=\"aligncenter size-full wp-image-219854\" srcset=\"https:\/\/www.redenoticia.com.br\/noticia\/imagens\/afavorita2.jpg 1280w, https:\/\/www.redenoticia.com.br\/noticia\/imagens\/afavorita2-250x140.jpg 250w, https:\/\/www.redenoticia.com.br\/noticia\/imagens\/afavorita2-400x225.jpg 400w, https:\/\/www.redenoticia.com.br\/noticia\/imagens\/afavorita2-768x432.jpg 768w, https:\/\/www.redenoticia.com.br\/noticia\/imagens\/afavorita2-150x84.jpg 150w\" sizes=\"auto, (max-width: 1280px) 100vw, 1280px\" \/><\/p>\n<p><em><strong>Resumo da novela &#8220;A Favorita&#8221;<\/strong><\/em> em 08\/11: no cap\u00edtulo 126(*) da novela, Flora atira em Donatela! Dodi chega e n\u00e3o entende porque Flora est\u00e1 defendendo Donatela. Ele amea\u00e7a entregar Donatela e pede a metade de toda a fortuna de Flora pra n\u00e3o chamar a pol\u00edcia. Flora atira em Dodi. Silveirinha bola um plano com Donatela e sugere a Flora enterrar o corpo de Dodi no rancho. No caf\u00e9 da manh\u00e3, Flora e Donatela combinam de cantar novamente. <\/p>\n<p>\u00c1tila e Lorena discutem rela\u00e7\u00e3o e ele a convida para uma viagem rom\u00e2ntica. Silveirinha conta a Z\u00e9 Bob, Irene e Lara que Flora matou Dodi. Elias decide abandonar a carreira pol\u00edtica e entrega a responsabilidade de administrar Triunfo nas m\u00e3os de Didu. Vanderlei chama Catarina pra trabalhar com ele na mercearia. Silveirinha prepara tudo para a apresenta\u00e7\u00e3o de Flora e Donatela. Elas se arrumam para o show. Cassiano diz a Irene que vai abandonar a carreira de m\u00fasico e se dedicar \u00e0 Fontini. Copola pede Irene em casamento. <\/p>\n<p>Z\u00e9 Bob, Halley, Lara e Pedro chamam os convidados para a apresenta\u00e7\u00e3o de Flora e Donatela. Silveirinha chama a pol\u00edcia at\u00e9 o rancho para encontrar o corpo de Dodi. Flora fica nervosa antes da apresenta\u00e7\u00e3o e se lembra do len\u00e7o vermelho que ela sempre usava antes de cantar. Donatela pede o len\u00e7o emprestado, Flora se recusa e as duas discutem. Donatela amea\u00e7a ir embora e destr\u00f3i a boneca que deu de presente \u00e0 Flora. Flora saca a arma e Donatela a desafia. Flora atira em Donatela.<\/p>\n<p>(*) edi\u00e7\u00e3o das novelas da Globo, &#8220;A Favorita&#8221;, sujeito a altera\u00e7\u00e3o de data e conte\u00fado.<\/p>\n<p>Sinopse &#8220;A Favorita&#8221;: Donatela perdeu seus pais num acidente de carro e foi adotada pela fam\u00edlia de Flora, assim, as duas cresceram como irm\u00e3s. Elas sempre tiveram talento para o canto e chegaram a formar uma dupla sertaneja: Fa\u00edsca e Espoleta. As cantoras fizeram sucesso, mas sua carreira foi interrompida depois que conheceram os amigos Marcelo e Dodi. Donatela casou-se com Marcelo e Flora com Dodi, mas o casamento da primeira foi conturbado. O primeiro filho do casal desapareceu com seis meses de idade, e al\u00e9m disso, Flora teve um caso com o marido da melhor amiga, j\u00e1 separada de Dodi e dessa rela\u00e7\u00e3o nasceu Lara, o que a distanciou ainda mais de sua irm\u00e3 de cria\u00e7\u00e3o.<\/p>\n<p>No pior momento de disc\u00f3rdia entre as duas, Marcelo \u00e9 assassinado, e a culpa recai sobre Flora, que foi pega com a arma do crime, sendo sentenciada a dezoito anos de reclus\u00e3o, separando-se assim de sua filha, que \u00e9 adotada e criada por Donatela. Ao sair da pris\u00e3o, Flora quer provar sua inoc\u00eancia, com a ideia de que a verdadeira culpada foi sua ex-amiga. Donatela, por sua vez, faz de tudo para que Lara n\u00e3o se aproxime de sua m\u00e3e biol\u00f3gica, e a menina se torna o alvo da disputa entre as duas.<\/p>\n","protected":false},"excerpt":{"rendered":"<p>Resumo da novela &#8220;A Favorita&#8221; em 08\/11: no cap\u00edtulo 126(*) da novela, Flora atira em Donatela! Dodi chega e n\u00e3o entende porque Flora est\u00e1 defendendo Donatela. Ele amea\u00e7a entregar Donatela e pede a metade de toda a fortuna de Flora pra n\u00e3o chamar a pol\u00edcia. Flora atira em Dodi. Silveirinha bola um plano com Donatela [&hellip;]<\/p>\n","protected":false},"author":2,"featured_media":219850,"comment_status":"closed","ping_status":"closed","sticky":false,"template":"","format":"standard","meta":{"_genesis_hide_title":false,"_genesis_hide_breadcrumbs":false,"_genesis_hide_singular_image":false,"_genesis_hide_footer_widgets":false,"_genesis_custom_body_class":"","_genesis_custom_post_class":"","_genesis_layout":"","_jetpack_memberships_contains_paid_content":false,"footnotes":""},"categories":[2278,379,375,2025,343],"tags":[441],"class_list":{"0":"post-225979","1":"post","2":"type-post","3":"status-publish","4":"format-standard","5":"has-post-thumbnail","7":"category-a-favorita","8":"category-novelas","9":"category-rede-globo","10":"category-resumo","11":"category-televisao","12":"tag-resumo-do-dia","13":"entry","14":"gs-1","15":"gs-odd","16":"gs-even","17":"gs-featured-content-entry"},"jetpack_featured_media_url":"https:\/\/www.redenoticia.com.br\/noticia\/imagens\/afavoritalogo.jpg","jetpack_sharing_enabled":true,"jetpack_likes_enabled":true,"_links":{"self":[{"href":"https:\/\/www.redenoticia.com.br\/noticia\/wp-json\/wp\/v2\/posts\/225979","targetHints":{"allow":["GET"]}}],"collection":[{"href":"https:\/\/www.redenoticia.com.br\/noticia\/wp-json\/wp\/v2\/posts"}],"about":[{"href":"https:\/\/www.redenoticia.com.br\/noticia\/wp-json\/wp\/v2\/types\/post"}],"author":[{"embeddable":true,"href":"https:\/\/www.redenoticia.com.br\/noticia\/wp-json\/wp\/v2\/users\/2"}],"replies":[{"embeddable":true,"href":"https:\/\/www.redenoticia.com.br\/noticia\/wp-json\/wp\/v2\/comments?post=225979"}],"version-history":[{"count":0,"href":"https:\/\/www.redenoticia.com.br\/noticia\/wp-json\/wp\/v2\/posts\/225979\/revisions"}],"wp:featuredmedia":[{"embeddable":true,"href":"https:\/\/www.redenoticia.com.br\/noticia\/wp-json\/wp\/v2\/media\/219850"}],"wp:attachment":[{"href":"https:\/\/www.redenoticia.com.br\/noticia\/wp-json\/wp\/v2\/media?parent=225979"}],"wp:term":[{"taxonomy":"category","embeddable":true,"href":"https:\/\/www.redenoticia.com.br\/noticia\/wp-json\/wp\/v2\/categories?post=225979"},{"taxonomy":"post_tag","embeddable":true,"href":"https:\/\/www.redenoticia.com.br\/noticia\/wp-json\/wp\/v2\/tags?post=225979"}],"curies":[{"name":"wp","href":"https:\/\/api.w.org\/{rel}","templated":true}]}}