{"id":2254,"date":"2009-06-02T18:40:50","date_gmt":"2009-06-02T22:40:50","guid":{"rendered":"http:\/\/www.redenoticia.com.br\/noticia\/?p=2254"},"modified":"2009-06-02T18:40:50","modified_gmt":"2009-06-02T22:40:50","slug":"estudo-recomenda-exame-rapido-para-identificar-dengue","status":"publish","type":"post","link":"https:\/\/www.redenoticia.com.br\/noticia\/2009\/estudo-recomenda-exame-rapido-para-identificar-dengue\/2254","title":{"rendered":"Estudo recomenda exame r\u00e1pido para identificar dengue"},"content":{"rendered":"<p class=\"MsoNormal\" style=\"background: white none repeat scroll 0%;\"><strong><\/strong><span style=\"font-size: 11pt; font-family: Arial;\">Um novo estudo recomenda que a rede p\u00fablica de sa\u00fade adote exame para detec\u00e7\u00e3o do ant\u00edgeno <strong>NS1<\/strong> como diagn\u00f3stico da dengue. <\/span><\/p>\n<p class=\"MsoNormal\" style=\"background: white none repeat scroll 0%;\"><span style=\"font-size: 11pt; font-family: Arial;\">Al\u00e9m de comprovar que o resultado obtido com esse teste \u00e9 mais r\u00e1pido e eficaz do que os dispon\u00edveis atualmente, a pesquisa identificou que o <strong>NS1<\/strong> \u00e9 detect\u00e1vel at\u00e9 o s\u00e9timo dia da doen\u00e7a com seguran\u00e7a.<\/span><\/p>\n<p class=\"MsoNormal\" style=\"background: white none repeat scroll 0%;\"><span style=\"font-size: 11pt; font-family: Arial;\">O estudo mostrou que o teste de <strong>NS1<\/strong> teve maior efici\u00eancia do que os demais m\u00e9todos. O diagn\u00f3stico fornecido pelo teste apresentou sensibilidade e especifidade maiores que o isolamento do v\u00edrus e a amplifica\u00e7\u00e3o do genoma do mesmo pela t\u00e9cnica da rea\u00e7\u00e3o em cadeia da polimerase (PCR), usada nos primeiros cinco dias da doen\u00e7a.<\/span><\/p>\n<p class=\"MsoNormal\" style=\"background: white none repeat scroll 0%;\"><span style=\"font-size: 11pt; font-family: Arial;\">A principal vantagem da detec\u00e7\u00e3o da prote\u00edna NS1 \u00e9 a rapidez do resultado. \u201cEm cerca de duas horas \u2013 do momento em que o sangue do paciente \u00e9 coletado at\u00e9 a entrega do resultado \u2013, o NS1 possibilita a an\u00e1lise de 90 amostras. <\/span><\/p>\n<p class=\"MsoNormal\" style=\"background: white none repeat scroll 0%;\"><span style=\"font-size: 11pt; font-family: Arial;\">O Minist\u00e9rio da Sa\u00fade tem distribu\u00eddo kits do exame para testar a metodologia em algumas cidades com alta incid\u00eancia de dengue <\/span><\/p>\n<p class=\"MsoNormal\" style=\"background: white none repeat scroll 0%;\"><strong><span style=\"font-size: 11pt; font-family: Arial;\">Por Jussara Mangini<\/span><\/strong><span style=\"font-size: 11pt; font-family: Arial;\"><\/span><\/p>\n<p class=\"MsoNormal\" style=\"background: white none repeat scroll 0%;\"><strong><span style=\"font-size: 11pt; font-family: Arial;\">Ag\u00eancia FAPESP<\/span><\/strong><span style=\"font-size: 11pt; font-family: Arial;\"><\/span><\/p>\n","protected":false},"excerpt":{"rendered":"<p>Um novo estudo recomenda que a rede p\u00fablica de sa\u00fade adote exame para detec\u00e7\u00e3o do ant\u00edgeno NS1 como diagn\u00f3stico da dengue. Al\u00e9m de comprovar que o resultado obtido com esse teste \u00e9 mais r\u00e1pido e eficaz do que os dispon\u00edveis atualmente, a pesquisa identificou que o NS1 \u00e9 detect\u00e1vel at\u00e9 o s\u00e9timo dia da doen\u00e7a [&hellip;]<\/p>\n","protected":false},"author":3,"featured_media":0,"comment_status":"open","ping_status":"open","sticky":false,"template":"","format":"standard","meta":{"_genesis_hide_title":false,"_genesis_hide_breadcrumbs":false,"_genesis_hide_singular_image":false,"_genesis_hide_footer_widgets":false,"_genesis_custom_body_class":"","_genesis_custom_post_class":"","_genesis_layout":"","_jetpack_memberships_contains_paid_content":false,"footnotes":""},"categories":[5],"tags":[],"class_list":{"0":"post-2254","1":"post","2":"type-post","3":"status-publish","4":"format-standard","6":"category-saude-e-vida","7":"entry","8":"gs-1","9":"gs-odd","10":"gs-even","11":"gs-featured-content-entry"},"jetpack_featured_media_url":"","jetpack_sharing_enabled":true,"jetpack_likes_enabled":true,"_links":{"self":[{"href":"https:\/\/www.redenoticia.com.br\/noticia\/wp-json\/wp\/v2\/posts\/2254","targetHints":{"allow":["GET"]}}],"collection":[{"href":"https:\/\/www.redenoticia.com.br\/noticia\/wp-json\/wp\/v2\/posts"}],"about":[{"href":"https:\/\/www.redenoticia.com.br\/noticia\/wp-json\/wp\/v2\/types\/post"}],"author":[{"embeddable":true,"href":"https:\/\/www.redenoticia.com.br\/noticia\/wp-json\/wp\/v2\/users\/3"}],"replies":[{"embeddable":true,"href":"https:\/\/www.redenoticia.com.br\/noticia\/wp-json\/wp\/v2\/comments?post=2254"}],"version-history":[{"count":0,"href":"https:\/\/www.redenoticia.com.br\/noticia\/wp-json\/wp\/v2\/posts\/2254\/revisions"}],"wp:attachment":[{"href":"https:\/\/www.redenoticia.com.br\/noticia\/wp-json\/wp\/v2\/media?parent=2254"}],"wp:term":[{"taxonomy":"category","embeddable":true,"href":"https:\/\/www.redenoticia.com.br\/noticia\/wp-json\/wp\/v2\/categories?post=2254"},{"taxonomy":"post_tag","embeddable":true,"href":"https:\/\/www.redenoticia.com.br\/noticia\/wp-json\/wp\/v2\/tags?post=2254"}],"curies":[{"name":"wp","href":"https:\/\/api.w.org\/{rel}","templated":true}]}}