{"id":2253,"date":"2009-06-02T18:18:54","date_gmt":"2009-06-02T22:18:54","guid":{"rendered":"http:\/\/www.redenoticia.com.br\/noticia\/?p=2253"},"modified":"2009-06-02T18:18:54","modified_gmt":"2009-06-02T22:18:54","slug":"confirmados-mais-sete-passageiros-que-embarcaram-no-voo-air-france-447","status":"publish","type":"post","link":"https:\/\/www.redenoticia.com.br\/noticia\/2009\/confirmados-mais-sete-passageiros-que-embarcaram-no-voo-air-france-447\/2253","title":{"rendered":"Confirmados mais sete passageiros que embarcaram no voo Air France 447"},"content":{"rendered":"<p class=\"MsoNormal\"><span style=\"font-size: 11pt; font-family: Arial;\">Tr\u00eas funcion\u00e1rios da empresa petrol\u00edfera norueguesa StatoilHydro est\u00e3o entre os passageiros do voo Air France 447, que desapareceu sobre o Oceano Atl\u00e2ntico, no \u00faltimo domingo (31). Dois deles s\u00e3o brasileiros, Marcela Pellizon, de 29 anos, e Gustavo Peretti, de 30 anos, e o terceiro \u00e9 noruegu\u00eas, Kristian Berg Andersen, de 37 anos.\u00a0Segundo nota divulgada pela Statoil, eles trabalham no escrit\u00f3rio do Rio de Janeiro e viajavam para a Noruega. <\/span><\/p>\n<p class=\"MsoNormal\"><span style=\"font-size: 11pt; font-family: Arial;\">A Ag\u00eancia Nacional de Vigil\u00e2ncia Sanit\u00e1ria (Anvisa) tamb\u00e9m confirmou hoje (2), por meio de nota \u00e0 imprensa, que a\u00a0 servidora Patr\u00edcia Maria Nazareth Ceva Antunes embarcou no voo. Ela estava viajando com o marido, o professor universit\u00e1rio Oct\u00e1vio Augusto Antunes, e o filho Mateus.<\/span><\/p>\n<p class=\"MsoNormal\"><span style=\"font-size: 11pt; font-family: Arial;\">Segundo a nota da Anvisa, Patr\u00edcia trabalha na Ger\u00eancia de Produtos Derivados do Tabaco da Anvisa. Ela \u00e9 qu\u00edmica, com mestrado e doutorado pela Universidade Federal do Rio de Janeiro (UFRJ), onde o marido \u00e9 professor.<\/span><\/p>\n<p class=\"MsoNormal\"><span style=\"font-size: 11pt; font-family: Arial;\">Um ocean\u00f3grafo da Coordena\u00e7\u00e3o de P\u00f3s-Gradua\u00e7\u00e3o em Engenharia da Universidade Federal do Rio de Janeiro (Coppe) e um\u00a0cientista chin\u00eas que colaborava em pesquisas no Coppe tamb\u00e9m foram confirmados entre os passageiros do voo Air France 447. Segundo a Coppe, Leonardo Veloso Dardengo \u00e9 aluno do curso de doutorado em engenharia civil.<\/span><\/p>\n<p class=\"MsoNormal\"><span style=\"font-size: 11pt; font-family: Arial;\">J\u00e1 o pesquisador chin\u00eas n\u00e3o teve o nome divulgado pela Coppe. Segundo a assessoria de imprensa da unidade, a lei chinesa n\u00e3o permite tornar p\u00fablica a sua identifica\u00e7\u00e3o. At\u00e9 o momento, foi confirmado o embarque dos seguintes passageiros no voo AF 447:<\/span><\/p>\n<p class=\"MsoNormal\"><span style=\"font-size: 11pt; font-family: Arial;\">1) Luis Roberto Anast\u00e1cio, presidente da Michelin para a Am\u00e9rica do Sul<\/span><\/p>\n<p class=\"MsoNormal\"><span style=\"font-size: 11pt; font-family: Arial;\">2) Antonio Gueiros, diretor da Michelin<\/span><\/p>\n<p class=\"MsoNormal\"><span style=\"font-size: 11pt; font-family: Arial;\">3) Christine Pieraerts, funcion\u00e1ria da Michelin na Fran\u00e7a<\/span><\/p>\n<p class=\"MsoNormal\"><span style=\"font-size: 11pt; font-family: Arial;\">4) Pedro Luis de Orleans e Bragan\u00e7a, pr\u00edncipe brasileiro e descendente de Dom Pedro II<\/span><\/p>\n<p class=\"MsoNormal\"><span style=\"font-size: 11pt; font-family: Arial;\">5) Marcelo Parente, chefe de gabinete da Prefeitura do Rio<\/span><\/p>\n<p class=\"MsoNormal\"><span style=\"font-size: 11pt; font-family: Arial;\">6) esposa de Marcelo Parente, cujo nome a prefeitura do Rio n\u00e3o est\u00e1 divulgando<\/span><\/p>\n<p class=\"MsoNormal\"><span style=\"font-size: 11pt; font-family: Arial;\">7) Eric Heine, presidente do Conselho de Administra\u00e7\u00e3o da Companhia Sider\u00fargica do Atl\u00e2ntico (CSA)<\/span><\/p>\n<p class=\"MsoNormal\"><span style=\"font-size: 11pt; font-family: Arial;\">8) Silvio Barbato, maestro e ex-regente do Teatro Nacional e do Teatro Municipal<\/span><\/p>\n<p class=\"MsoNormal\"><span style=\"font-size: 11pt; font-family: Arial;\">9) Giovanne Batistta Lenzi, deputado da Prov\u00edncia Aut\u00f4noma de Trento, na It\u00e1lia<\/span><\/p>\n<p class=\"MsoNormal\"><span style=\"font-size: 11pt; font-family: Arial;\">10) Luigdi Zortea, prefeito de Canal San Bovo, na It\u00e1lia<\/span><\/p>\n<p class=\"MsoNormal\"><span style=\"font-size: 11pt; font-family: Arial;\">11) Rino Zandonai, diretor da Associa\u00e7\u00e3o Trentinos no Mundo, na It\u00e1lia<\/span><\/p>\n<p class=\"MsoNormal\"><span style=\"font-size: 11pt; font-family: Arial;\">12) Pablo Dreyfuss, pesquisador da ONG Viva Rio<\/span><\/p>\n<p class=\"MsoNormal\"><span style=\"font-size: 11pt; font-family: Arial;\">13) Ana Carolina Rodrigues, pesquisadora da ONG Viva Rio<\/span><\/p>\n<p class=\"MsoNormal\"><span style=\"font-size: 11pt; font-family: Arial;\">14) Luis Cl\u00e1udio Monlevad, empregado da empresa de tubula\u00e7\u00f5es Saint-Gobain<\/span><\/p>\n<p class=\"MsoNormal\"><span style=\"font-size: 11pt; font-family: Arial;\">15) Roberto Corr\u00eaa Chem, chefe do Servi\u00e7o de Cirurgia Pl\u00e1stica da Santa Casa de Porto Alegre<\/span><\/p>\n<p class=\"MsoNormal\"><span style=\"font-size: 11pt; font-family: Arial;\">16) Vera Chem, mulher de Roberto<\/span><\/p>\n<p class=\"MsoNormal\"><span style=\"font-size: 11pt; font-family: Arial;\">17) Let\u00edcia Chem, filha de Roberto<\/span><\/p>\n<p class=\"MsoNormal\"><span style=\"font-size: 11pt; font-family: Arial;\">18) Deise Possamai, fiscal da Prefeitura de Crici\u00fama, em Santa Catarina<\/span><\/p>\n<p class=\"MsoNormal\"><span style=\"font-size: 11pt; font-family: Arial;\">19) Adriana Francisco Siujs, jornalista da Petrobras<\/span><\/p>\n<p class=\"MsoNormal\"><span style=\"font-size: 11pt; font-family: Arial;\">20) Oct\u00e1vio Augusto Antunes, professor do Instituto de Qu\u00edmica, da UFRJ<\/span><\/p>\n<p class=\"MsoNormal\"><span style=\"font-size: 11pt; font-family: Arial;\">21) Patr\u00edcia Maria Nazareth Ceva Antunes, t\u00e9cnica da Anvisa e mulher do professor da UFRJ Octavio Augusto Ceva Nunes<\/span><\/p>\n<p class=\"MsoNormal\"><span style=\"font-size: 11pt; font-family: Arial;\">22) Mateus Antunes, filho de Patr\u00edcia e Octavio<\/span><\/p>\n<p class=\"MsoNormal\"><span style=\"font-size: 11pt; font-family: Arial;\">23) Izabela Maria Furtado Kestler professora de alem\u00e3o do Departamento de Letras anglo-germ\u00e2nicas, da UFRJ<\/span><\/p>\n<p class=\"MsoNormal\"><span style=\"font-size: 11pt; font-family: Arial;\">24) Jo\u00e3o Marques da Silva Filho, engenheiro e gerente do Estaleiro Atl\u00e2ntico Sul<\/span><\/p>\n<p class=\"MsoNormal\"><span style=\"font-size: 11pt; font-family: Arial;\">25) Jos\u00e9 Roberto Gomes, professor da PUC-Rio<\/span><\/p>\n<p class=\"MsoNormal\"><span style=\"font-size: 11pt; font-family: Arial;\">26) Lucas Gagriano, \u00fanico comiss\u00e1rio brasileiro a bordo do avi\u00e3o<\/span><\/p>\n<p class=\"MsoNormal\"><span style=\"font-size: 11pt; font-family: Arial;\">27) Simone Giacomo dos Santos Elias, funcion\u00e1ria da Vara da Inf\u00e2ncia, Juventude e Idoso do Tribunal de Justi\u00e7a do Rio<\/span><\/p>\n<p class=\"MsoNormal\"><span style=\"font-size: 11pt; font-family: Arial;\">28) M\u00e1rcia Moscon de Faria, funcion\u00e1ria da Vara da Inf\u00e2ncia, Juventude e Idoso do Tribunal de Justi\u00e7a do Rio de Janeiro<\/span><\/p>\n<p class=\"MsoNormal\"><span style=\"font-size: 11pt; font-family: Arial;\">29) S\u00f4nia Maria Esteves Amorim, funcion\u00e1ria da Vara da Inf\u00e2ncia, Juventude e Idoso do Tribunal de Justi\u00e7a do Rio de Janeiro<\/span><\/p>\n<p class=\"MsoNormal\"><span style=\"font-size: 11pt; font-family: Arial;\">30) Jos\u00e9 Ronnel Amorim, dentista residente em Londres<\/span><\/p>\n<p class=\"MsoNormal\"><span style=\"font-size: 11pt; font-family: Arial;\">31) Nelson Marinho Filho, mec\u00e2nico de engrenagem<\/span><\/p>\n<p class=\"MsoNormal\"><span style=\"font-size: 11pt; font-family: Arial;\">32) Luciana Seba, psic\u00f3loga<\/span><\/p>\n<p class=\"MsoNormal\"><span style=\"font-size: 11pt; font-family: Arial;\">33) Paulo Valle Britto, empres\u00e1rio e marido de Luciana Seba<\/span><\/p>\n<p class=\"MsoNormal\"><span style=\"font-size: 11pt; font-family: Arial;\">34) Maria de F\u00e1tima Valle, m\u00e3e de Paulo Valle Britto<\/span><\/p>\n<p class=\"MsoNormal\"><span style=\"font-size: 11pt; font-family: Arial;\">35) Francisco Eudes Valle, marido de Maria de F\u00e1tima<\/span><\/p>\n<p class=\"MsoNormal\"><span style=\"font-size: 11pt; font-family: Arial;\">36) Carlos Eduardo Mac\u00e1rio de Melo, procurador federal<\/span><\/p>\n<p class=\"MsoNormal\"><span style=\"font-size: 11pt; font-family: Arial;\">37) Bianca Cotta, esposa de Carlos Eduardo<\/span><\/p>\n<p class=\"MsoNormal\"><span style=\"font-size: 11pt; font-family: Arial;\">38) Marcela Pellizon, funcion\u00e1ria da empresa norueguesa StatoilHydro<\/span><\/p>\n<p class=\"MsoNormal\"><span style=\"font-size: 11pt; font-family: Arial;\">39) Gustavo Peretti, funcion\u00e1rio da empresa norueguesa StatoilHydro<\/span><\/p>\n<p class=\"MsoNormal\"><span style=\"font-size: 11pt; font-family: Arial;\"> 40) Kristian Berg Andersen, funcion\u00e1rio da empresa norueguesa StatoilHydro<\/span><\/p>\n<p class=\"MsoNormal\"><span style=\"font-size: 11pt; font-family: Arial;\">41) Leonardo Veloso Dardengo, ocean\u00f3grafo e aluno da Coppe\/UFRJ<\/span><\/p>\n<p class=\"MsoNormal\"><span style=\"font-size: 11pt; font-family: Arial;\">42) Pesquisador chin\u00eas n\u00e3o identificado, colaborador da Coppe\/UFRJ<\/span><\/p>\n<p class=\"MsoNormal\"><span style=\"font-size: 11pt; font-family: Arial;\"> <\/span><\/p>\n<p class=\"MsoNormal\" style=\"margin-bottom: 12pt;\"><span style=\"font-size: 11pt; font-family: Arial;\">Vitor Abdala<br \/>\n<em>Rep\u00f3rter da Ag\u00eancia Brasil<\/em> <\/span><\/p>\n","protected":false},"excerpt":{"rendered":"<p>Tr\u00eas funcion\u00e1rios da empresa petrol\u00edfera norueguesa StatoilHydro est\u00e3o entre os passageiros do voo Air France 447, que desapareceu sobre o Oceano Atl\u00e2ntico, no \u00faltimo domingo (31). Dois deles s\u00e3o brasileiros, Marcela Pellizon, de 29 anos, e Gustavo Peretti, de 30 anos, e o terceiro \u00e9 noruegu\u00eas, Kristian Berg Andersen, de 37 anos.\u00a0Segundo nota divulgada pela [&hellip;]<\/p>\n","protected":false},"author":3,"featured_media":0,"comment_status":"open","ping_status":"open","sticky":false,"template":"","format":"standard","meta":{"_genesis_hide_title":false,"_genesis_hide_breadcrumbs":false,"_genesis_hide_singular_image":false,"_genesis_hide_footer_widgets":false,"_genesis_custom_body_class":"","_genesis_custom_post_class":"","_genesis_layout":"","_jetpack_memberships_contains_paid_content":false,"footnotes":""},"categories":[22],"tags":[],"class_list":{"0":"post-2253","1":"post","2":"type-post","3":"status-publish","4":"format-standard","6":"category-brasil","7":"entry","8":"gs-1","9":"gs-odd","10":"gs-even","11":"gs-featured-content-entry"},"jetpack_featured_media_url":"","jetpack_sharing_enabled":true,"jetpack_likes_enabled":true,"_links":{"self":[{"href":"https:\/\/www.redenoticia.com.br\/noticia\/wp-json\/wp\/v2\/posts\/2253","targetHints":{"allow":["GET"]}}],"collection":[{"href":"https:\/\/www.redenoticia.com.br\/noticia\/wp-json\/wp\/v2\/posts"}],"about":[{"href":"https:\/\/www.redenoticia.com.br\/noticia\/wp-json\/wp\/v2\/types\/post"}],"author":[{"embeddable":true,"href":"https:\/\/www.redenoticia.com.br\/noticia\/wp-json\/wp\/v2\/users\/3"}],"replies":[{"embeddable":true,"href":"https:\/\/www.redenoticia.com.br\/noticia\/wp-json\/wp\/v2\/comments?post=2253"}],"version-history":[{"count":0,"href":"https:\/\/www.redenoticia.com.br\/noticia\/wp-json\/wp\/v2\/posts\/2253\/revisions"}],"wp:attachment":[{"href":"https:\/\/www.redenoticia.com.br\/noticia\/wp-json\/wp\/v2\/media?parent=2253"}],"wp:term":[{"taxonomy":"category","embeddable":true,"href":"https:\/\/www.redenoticia.com.br\/noticia\/wp-json\/wp\/v2\/categories?post=2253"},{"taxonomy":"post_tag","embeddable":true,"href":"https:\/\/www.redenoticia.com.br\/noticia\/wp-json\/wp\/v2\/tags?post=2253"}],"curies":[{"name":"wp","href":"https:\/\/api.w.org\/{rel}","templated":true}]}}