{"id":221950,"date":"2022-07-14T22:28:18","date_gmt":"2022-07-15T01:28:18","guid":{"rendered":"https:\/\/www.redenoticia.com.br\/noticia\/?p=221950"},"modified":"2022-07-14T22:28:18","modified_gmt":"2022-07-15T01:28:18","slug":"resumo-a-favorita-15-07-dodi-e-donatela-veem-flora-matar-salvatore","status":"publish","type":"post","link":"https:\/\/www.redenoticia.com.br\/noticia\/2022\/resumo-a-favorita-15-07-dodi-e-donatela-veem-flora-matar-salvatore\/221950","title":{"rendered":"Resumo &#8220;A Favorita&#8221; 15\/07: Dodi e Donatela veem Flora matar Salvatore"},"content":{"rendered":"<p> <img loading=\"lazy\" decoding=\"async\" src=\"https:\/\/www.redenoticia.com.br\/noticia\/imagens\/afavorita2.jpg\" alt=\"\" width=\"1280\" height=\"720\" class=\"aligncenter size-full wp-image-219854\" srcset=\"https:\/\/www.redenoticia.com.br\/noticia\/imagens\/afavorita2.jpg 1280w, https:\/\/www.redenoticia.com.br\/noticia\/imagens\/afavorita2-250x140.jpg 250w, https:\/\/www.redenoticia.com.br\/noticia\/imagens\/afavorita2-400x225.jpg 400w, https:\/\/www.redenoticia.com.br\/noticia\/imagens\/afavorita2-768x432.jpg 768w, https:\/\/www.redenoticia.com.br\/noticia\/imagens\/afavorita2-150x84.jpg 150w\" sizes=\"auto, (max-width: 1280px) 100vw, 1280px\" \/><\/p>\n<p><em><strong>Resumo da novela &#8220;A Favorita&#8221;<\/strong><\/em> em 15\/07: no cap\u00edtulo 045(*) da novela, Donatela surpreende Flora no banheiro do cinema e as duas saem juntas de carro. Dodi convence Salvatore a mudar novamente seu depoimento. Donatela coloca Flora para dirigir o carro e manda que ela cante. Donatela amea\u00e7a tirar a vida de Flora. Flora assume para Donatela que matou mesmo Marcelo. Flora promete que vai acabar com Donatela. Donatela relembra o passado. Lara desabafa com Gon\u00e7alo e Irene sobre a forma como falou com Donatela, ao acus\u00e1-la de assassina. Gon\u00e7alo a aconselha a se afastar de Flora e Donatela para n\u00e3o se machucar mais. Flora mostra a Silveirinha que pegou a arma de Donatela.<\/p>\n<p>Z\u00e9 Bob decide fazer a cobertura jornal\u00edstica do depoimento de Donatela na delegacia. Dodi protege Donatela do ass\u00e9dio da imprensa. Z\u00e9 Bob implora que Donatela converse com ele antes de entrar na delegacia. Dodi fica furioso. Z\u00e9 Bob sai determinado a encontrar Salvatore e entender por que ele mudou seu depoimento. Donatela acusa Dodi de ter roubado os d\u00f3lares e especula que ele pode estar mancomunado com Flora. Dodi diz a Donatela que ela est\u00e1 delirando e d\u00e1 a entender que vai deix\u00e1-la de vez. Donatela volta atr\u00e1s e faz as pazes com Dodi. Irene sugere a Gon\u00e7alo que Flora e Pedro passem a morar com eles. Gon\u00e7alo n\u00e3o concorda. Z\u00e9 Bob descobre o endere\u00e7o de Salvatore e come\u00e7a a segui-lo. Dodi leva Donatela ao encontro de Salvatore. Flora mata Salvatore na frente de Dodi e de Donatela.  <\/p>\n<p>(*) edi\u00e7\u00e3o das novelas da Globo, &#8220;A Favorita&#8221;, sujeito a altera\u00e7\u00e3o de data e conte\u00fado.<\/p>\n<p>Sinopse &#8220;A Favorita&#8221;: Donatela perdeu seus pais num acidente de carro e foi adotada pela fam\u00edlia de Flora, assim, as duas cresceram como irm\u00e3s. Elas sempre tiveram talento para o canto e chegaram a formar uma dupla sertaneja: Fa\u00edsca e Espoleta. As cantoras fizeram sucesso, mas sua carreira foi interrompida depois que conheceram os amigos Marcelo e Dodi. Donatela casou-se com Marcelo e Flora com Dodi, mas o casamento da primeira foi conturbado. O primeiro filho do casal desapareceu com seis meses de idade, e al\u00e9m disso, Flora teve um caso com o marido da melhor amiga, j\u00e1 separada de Dodi e dessa rela\u00e7\u00e3o nasceu Lara, o que a distanciou ainda mais de sua irm\u00e3 de cria\u00e7\u00e3o.<\/p>\n<p>No pior momento de disc\u00f3rdia entre as duas, Marcelo \u00e9 assassinado, e a culpa recai sobre Flora, que foi pega com a arma do crime, sendo sentenciada a dezoito anos de reclus\u00e3o, separando-se assim de sua filha, que \u00e9 adotada e criada por Donatela. Ao sair da pris\u00e3o, Flora quer provar sua inoc\u00eancia, com a ideia de que a verdadeira culpada foi sua ex-amiga. Donatela, por sua vez, faz de tudo para que Lara n\u00e3o se aproxime de sua m\u00e3e biol\u00f3gica, e a menina se torna o alvo da disputa entre as duas.<\/p>\n","protected":false},"excerpt":{"rendered":"<p>Resumo da novela &#8220;A Favorita&#8221; em 15\/07: no cap\u00edtulo 045(*) da novela, Donatela surpreende Flora no banheiro do cinema e as duas saem juntas de carro. Dodi convence Salvatore a mudar novamente seu depoimento. Donatela coloca Flora para dirigir o carro e manda que ela cante. Donatela amea\u00e7a tirar a vida de Flora. Flora assume [&hellip;]<\/p>\n","protected":false},"author":2,"featured_media":219850,"comment_status":"closed","ping_status":"closed","sticky":false,"template":"","format":"standard","meta":{"_genesis_hide_title":false,"_genesis_hide_breadcrumbs":false,"_genesis_hide_singular_image":false,"_genesis_hide_footer_widgets":false,"_genesis_custom_body_class":"","_genesis_custom_post_class":"","_genesis_layout":"","_jetpack_memberships_contains_paid_content":false,"footnotes":""},"categories":[2278,379,375,2025,343],"tags":[441],"class_list":{"0":"post-221950","1":"post","2":"type-post","3":"status-publish","4":"format-standard","5":"has-post-thumbnail","7":"category-a-favorita","8":"category-novelas","9":"category-rede-globo","10":"category-resumo","11":"category-televisao","12":"tag-resumo-do-dia","13":"entry","14":"gs-1","15":"gs-odd","16":"gs-even","17":"gs-featured-content-entry"},"jetpack_featured_media_url":"https:\/\/www.redenoticia.com.br\/noticia\/imagens\/afavoritalogo.jpg","jetpack_sharing_enabled":true,"jetpack_likes_enabled":true,"_links":{"self":[{"href":"https:\/\/www.redenoticia.com.br\/noticia\/wp-json\/wp\/v2\/posts\/221950","targetHints":{"allow":["GET"]}}],"collection":[{"href":"https:\/\/www.redenoticia.com.br\/noticia\/wp-json\/wp\/v2\/posts"}],"about":[{"href":"https:\/\/www.redenoticia.com.br\/noticia\/wp-json\/wp\/v2\/types\/post"}],"author":[{"embeddable":true,"href":"https:\/\/www.redenoticia.com.br\/noticia\/wp-json\/wp\/v2\/users\/2"}],"replies":[{"embeddable":true,"href":"https:\/\/www.redenoticia.com.br\/noticia\/wp-json\/wp\/v2\/comments?post=221950"}],"version-history":[{"count":0,"href":"https:\/\/www.redenoticia.com.br\/noticia\/wp-json\/wp\/v2\/posts\/221950\/revisions"}],"wp:featuredmedia":[{"embeddable":true,"href":"https:\/\/www.redenoticia.com.br\/noticia\/wp-json\/wp\/v2\/media\/219850"}],"wp:attachment":[{"href":"https:\/\/www.redenoticia.com.br\/noticia\/wp-json\/wp\/v2\/media?parent=221950"}],"wp:term":[{"taxonomy":"category","embeddable":true,"href":"https:\/\/www.redenoticia.com.br\/noticia\/wp-json\/wp\/v2\/categories?post=221950"},{"taxonomy":"post_tag","embeddable":true,"href":"https:\/\/www.redenoticia.com.br\/noticia\/wp-json\/wp\/v2\/tags?post=221950"}],"curies":[{"name":"wp","href":"https:\/\/api.w.org\/{rel}","templated":true}]}}