{"id":221796,"date":"2022-07-11T12:57:31","date_gmt":"2022-07-11T15:57:31","guid":{"rendered":"https:\/\/www.redenoticia.com.br\/noticia\/?p=221796"},"modified":"2022-07-11T12:57:31","modified_gmt":"2022-07-11T15:57:31","slug":"resumo-poliana-moca-12-07-roger-vai-ate-a-casa-de-otto-devolver-o-chip","status":"publish","type":"post","link":"https:\/\/www.redenoticia.com.br\/noticia\/2022\/resumo-poliana-moca-12-07-roger-vai-ate-a-casa-de-otto-devolver-o-chip\/221796","title":{"rendered":"Resumo \u201cPoliana Mo\u00e7a\u201d 12\/07: Roger vai at\u00e9 a casa de Otto devolver o chip"},"content":{"rendered":"<p> <img loading=\"lazy\" decoding=\"async\" class=\"aligncenter size-full wp-image-217353\" src=\"https:\/\/www.redenoticia.com.br\/noticia\/imagens\/poliana_moca_elenco.jpg\" alt=\"\" width=\"1280\" height=\"720\" srcset=\"https:\/\/www.redenoticia.com.br\/noticia\/imagens\/poliana_moca_elenco.jpg 1280w, https:\/\/www.redenoticia.com.br\/noticia\/imagens\/poliana_moca_elenco-250x140.jpg 250w, https:\/\/www.redenoticia.com.br\/noticia\/imagens\/poliana_moca_elenco-400x225.jpg 400w, https:\/\/www.redenoticia.com.br\/noticia\/imagens\/poliana_moca_elenco-768x432.jpg 768w, https:\/\/www.redenoticia.com.br\/noticia\/imagens\/poliana_moca_elenco-150x84.jpg 150w\" sizes=\"auto, (max-width: 1280px) 100vw, 1280px\" \/><\/p>\n<p><strong><em>Resumo da novela \u201cPoliana Mo\u00e7a\u201d<\/em><\/strong> em 12\/07: no cap\u00edtulo 082(*) da novela, Pin\u00f3quio visita a cova de Eucleto, o grilo. Poliana escolhe vestido para festa; Otto chega no quarto e pergunta o que ela decidiu sobre convite de \u00c9ric. S\u00e9rgio e Joana chegam em casa mais cedo do trabalho para conversarem com os meninos, mas eles decidem esconder a not\u00edcia do div\u00f3rcio at\u00e9 a estreia da webs\u00e9rie. Waldisney e Violeta pensam em reativar o perfil nas redes sociais de \u201cPinot\u201d (Pin\u00f3quio) como estrat\u00e9gia para encontrar o boneco.<\/p>\n<p>Violeta se passa por m\u00e3e do \u201cPinot\u201d e chama Pedro na internet. De forma ir\u00f4nica, Roger vai at\u00e9 a casa de Otto devolver o chip em uma sacola de presente. Pin\u00f3quio encontra an\u00fancio sobre o parque de divers\u00e3o \u201cParque Collodi\u201d e pede ao taxista para lev\u00e1-lo at\u00e9 o local. Alunos decoram a escola para a grande estreia. Luigi perde a mochila na escola, com computador e a vers\u00e3o final da webs\u00e9rie. Alguns alunos desconfiam que \u00c9ric roubou a mochila.  <\/p>\n<p>(*) edi\u00e7\u00e3o das novelas do SBT, \u201cPoliana Mo\u00e7a\u201d, sujeito a altera\u00e7\u00e3o de data e conte\u00fado.<\/p>\n<p>Sinopse \u201cPoliana Mo\u00e7a\u201d: Poliana (Sophia Valverde), agora com 15 anos, precisa enfrentar os dilemas t\u00edpicos da adolesc\u00eancia, como os dramas escolares, os planos para o futuro e a descoberta do amor entre o ex-valent\u00e3o Eric (Lucas Burgatti) e seu melhor amigo Jo\u00e3o (Igor Jansen), encontrando em Helena (Lu\u00edsa Bresser) uma rival no cora\u00e7\u00e3o dos dois.<\/p>\n","protected":false},"excerpt":{"rendered":"<p>Resumo da novela \u201cPoliana Mo\u00e7a\u201d em 12\/07: no cap\u00edtulo 082(*) da novela, Pin\u00f3quio visita a cova de Eucleto, o grilo. Poliana escolhe vestido para festa; Otto chega no quarto e pergunta o que ela decidiu sobre convite de \u00c9ric. S\u00e9rgio e Joana chegam em casa mais cedo do trabalho para conversarem com os meninos, mas [&hellip;]<\/p>\n","protected":false},"author":2,"featured_media":217354,"comment_status":"closed","ping_status":"closed","sticky":false,"template":"","format":"standard","meta":{"_genesis_hide_title":false,"_genesis_hide_breadcrumbs":false,"_genesis_hide_singular_image":false,"_genesis_hide_footer_widgets":false,"_genesis_custom_body_class":"","_genesis_custom_post_class":"","_genesis_layout":"","_jetpack_memberships_contains_paid_content":false,"footnotes":""},"categories":[379,2259,2025,372,343],"tags":[441],"class_list":{"0":"post-221796","1":"post","2":"type-post","3":"status-publish","4":"format-standard","5":"has-post-thumbnail","7":"category-novelas","8":"category-poliana-moca","9":"category-resumo","10":"category-sbt","11":"category-televisao","12":"tag-resumo-do-dia","13":"entry","14":"gs-1","15":"gs-odd","16":"gs-even","17":"gs-featured-content-entry"},"jetpack_featured_media_url":"https:\/\/www.redenoticia.com.br\/noticia\/imagens\/poliana-moca_sbt_resumo_novela.jpg","jetpack_sharing_enabled":true,"jetpack_likes_enabled":true,"_links":{"self":[{"href":"https:\/\/www.redenoticia.com.br\/noticia\/wp-json\/wp\/v2\/posts\/221796","targetHints":{"allow":["GET"]}}],"collection":[{"href":"https:\/\/www.redenoticia.com.br\/noticia\/wp-json\/wp\/v2\/posts"}],"about":[{"href":"https:\/\/www.redenoticia.com.br\/noticia\/wp-json\/wp\/v2\/types\/post"}],"author":[{"embeddable":true,"href":"https:\/\/www.redenoticia.com.br\/noticia\/wp-json\/wp\/v2\/users\/2"}],"replies":[{"embeddable":true,"href":"https:\/\/www.redenoticia.com.br\/noticia\/wp-json\/wp\/v2\/comments?post=221796"}],"version-history":[{"count":0,"href":"https:\/\/www.redenoticia.com.br\/noticia\/wp-json\/wp\/v2\/posts\/221796\/revisions"}],"wp:featuredmedia":[{"embeddable":true,"href":"https:\/\/www.redenoticia.com.br\/noticia\/wp-json\/wp\/v2\/media\/217354"}],"wp:attachment":[{"href":"https:\/\/www.redenoticia.com.br\/noticia\/wp-json\/wp\/v2\/media?parent=221796"}],"wp:term":[{"taxonomy":"category","embeddable":true,"href":"https:\/\/www.redenoticia.com.br\/noticia\/wp-json\/wp\/v2\/categories?post=221796"},{"taxonomy":"post_tag","embeddable":true,"href":"https:\/\/www.redenoticia.com.br\/noticia\/wp-json\/wp\/v2\/tags?post=221796"}],"curies":[{"name":"wp","href":"https:\/\/api.w.org\/{rel}","templated":true}]}}