{"id":221790,"date":"2022-07-11T12:54:12","date_gmt":"2022-07-11T15:54:12","guid":{"rendered":"https:\/\/www.redenoticia.com.br\/noticia\/?p=221790"},"modified":"2022-07-11T12:54:12","modified_gmt":"2022-07-11T15:54:12","slug":"resumo-cuidado-com-o-anjo-12-07-joao-miguel-volta-para-casa-e-expulsa-ofelia","status":"publish","type":"post","link":"https:\/\/www.redenoticia.com.br\/noticia\/2022\/resumo-cuidado-com-o-anjo-12-07-joao-miguel-volta-para-casa-e-expulsa-ofelia\/221790","title":{"rendered":"Resumo &#8220;Cuidado com o Anjo&#8221; 12\/07: Jo\u00e3o Miguel volta para casa e expulsa Of\u00e9lia"},"content":{"rendered":"<p> <img loading=\"lazy\" decoding=\"async\" class=\"aligncenter size-full wp-image-220665\" src=\"https:\/\/www.redenoticia.com.br\/noticia\/imagens\/cuidado-com-anjo-levi-maite.jpg\" alt=\"\" width=\"1280\" height=\"720\" srcset=\"https:\/\/www.redenoticia.com.br\/noticia\/imagens\/cuidado-com-anjo-levi-maite.jpg 1280w, https:\/\/www.redenoticia.com.br\/noticia\/imagens\/cuidado-com-anjo-levi-maite-250x140.jpg 250w, https:\/\/www.redenoticia.com.br\/noticia\/imagens\/cuidado-com-anjo-levi-maite-400x225.jpg 400w, https:\/\/www.redenoticia.com.br\/noticia\/imagens\/cuidado-com-anjo-levi-maite-768x432.jpg 768w, https:\/\/www.redenoticia.com.br\/noticia\/imagens\/cuidado-com-anjo-levi-maite-150x84.jpg 150w\" sizes=\"auto, (max-width: 1280px) 100vw, 1280px\" \/><\/p>\n<p><em><strong>Resumo da novela &#8220;Cuidado com o Anjo&#8221;<\/strong><\/em> em 12\/07: no cap\u00edtulo 027(*) da novela, enquanto Jo\u00e3o Miguel recebe a not\u00edcia de que a filha ficar\u00e1 com ele, Tininha est\u00e1 com uma febre muito alta. Padre Anselmo critica Mal\u00fa por ter mentido no tribunal mesmo estando sob juramento. Estef\u00e2nia convence Of\u00e9lia a chamar Eduardo para examinar Tininha. Mal\u00fa vai at\u00e9 uma emissora de televis\u00e3o fazer um teste de atriz. Enquanto Eduardo examina Tininha, ela delira e chama pelo pai. Viviana diz a Let\u00edcia que Gustavo a trai com outra mulher e se oferece para ajud\u00e1-la a dar o flagra. Mal\u00fa faz um teste impec\u00e1vel demonstrando ser uma atriz nata e Amador se compromete a lapid\u00e1-la e transform\u00e1-la em uma estrela.<\/p>\n<p>Jo\u00e3o Miguel volta para casa e expulsa Of\u00e9lia de sua casa. Ele tamb\u00e9m est\u00e1 convencido que Mal\u00fa dep\u00f4s contra ele. Eduardo encontra Mal\u00fa, conta que Tininha est\u00e1 doente e n\u00e3o para de chamar pelo cachorro. Of\u00e9lia diz a Estef\u00e2nia que vai viver na casa de sua irm\u00e3, Eug\u00eania. Gustavo se encontra com Viviana e lhe oferece muito dinheiro para que v\u00e1 embora de sua casa. Mal\u00fa leva o cachorro para Tininha e Estef\u00e2nia faz a menina acreditar que foi ela quem o trouxe. Mal\u00fa volta a desmaiar e o m\u00e9dico informa que est\u00e1 gr\u00e1vida.<\/p>\n<p>(*) edi\u00e7\u00e3o das novelas do SBT, &#8220;Cuidado com o Anjo&#8221;, sujeito a altera\u00e7\u00e3o de data e conte\u00fado.<\/p>\n<p>Sinopse &#8220;Cuidado com o Anjo&#8221;: Quando Maria de Jesus &#8220;Mal\u00fa&#8221; nasceu, sua m\u00e3e, crendo estar \u00e0 beira da morte, entregou-a a um sacerdote que levou-a para um orfanato. Aos 14 anos, ela foge de l\u00e1 e come\u00e7a a caminhar pelas ruas, sobrevivendo como pode. Passam-se anos e uma noite Mal\u00fa \u00e9 atacada por um b\u00eabado, o que a faz sentir rancor pelos homens e ter pesadelos que a desesperam.<\/p>\n<p>Candel\u00e1ria, uma lavadeira, lhe d\u00e1 abrigo e se transforma numa m\u00e3e para ela. Mal\u00fa trabalha no que pode para ajudar Candel\u00e1ria. Um dia se mete numa confus\u00e3o, na qual vai parar numa delegacia, onde \u00e9 julgada por seu pr\u00f3prio pai, ambos desconhecendo a rela\u00e7\u00e3o parental. E \u00e9 defendida por Jo\u00e3o Miguel S\u00e3o Rom\u00e3o, um psicanalista.<\/p>\n","protected":false},"excerpt":{"rendered":"<p>Resumo da novela &#8220;Cuidado com o Anjo&#8221; em 12\/07: no cap\u00edtulo 027(*) da novela, enquanto Jo\u00e3o Miguel recebe a not\u00edcia de que a filha ficar\u00e1 com ele, Tininha est\u00e1 com uma febre muito alta. Padre Anselmo critica Mal\u00fa por ter mentido no tribunal mesmo estando sob juramento. Estef\u00e2nia convence Of\u00e9lia a chamar Eduardo para examinar [&hellip;]<\/p>\n","protected":false},"author":2,"featured_media":220666,"comment_status":"closed","ping_status":"closed","sticky":false,"template":"","format":"standard","meta":{"_genesis_hide_title":false,"_genesis_hide_breadcrumbs":false,"_genesis_hide_singular_image":false,"_genesis_hide_footer_widgets":false,"_genesis_custom_body_class":"","_genesis_custom_post_class":"","_genesis_layout":"","_jetpack_memberships_contains_paid_content":false,"footnotes":""},"categories":[2284,379,2025,372,343],"tags":[441],"class_list":{"0":"post-221790","1":"post","2":"type-post","3":"status-publish","4":"format-standard","5":"has-post-thumbnail","7":"category-cuidado-com-o-anjo","8":"category-novelas","9":"category-resumo","10":"category-sbt","11":"category-televisao","12":"tag-resumo-do-dia","13":"entry","14":"gs-1","15":"gs-odd","16":"gs-even","17":"gs-featured-content-entry"},"jetpack_featured_media_url":"https:\/\/www.redenoticia.com.br\/noticia\/imagens\/logo-cuidado-anjo.jpg","jetpack_sharing_enabled":true,"jetpack_likes_enabled":true,"_links":{"self":[{"href":"https:\/\/www.redenoticia.com.br\/noticia\/wp-json\/wp\/v2\/posts\/221790","targetHints":{"allow":["GET"]}}],"collection":[{"href":"https:\/\/www.redenoticia.com.br\/noticia\/wp-json\/wp\/v2\/posts"}],"about":[{"href":"https:\/\/www.redenoticia.com.br\/noticia\/wp-json\/wp\/v2\/types\/post"}],"author":[{"embeddable":true,"href":"https:\/\/www.redenoticia.com.br\/noticia\/wp-json\/wp\/v2\/users\/2"}],"replies":[{"embeddable":true,"href":"https:\/\/www.redenoticia.com.br\/noticia\/wp-json\/wp\/v2\/comments?post=221790"}],"version-history":[{"count":0,"href":"https:\/\/www.redenoticia.com.br\/noticia\/wp-json\/wp\/v2\/posts\/221790\/revisions"}],"wp:featuredmedia":[{"embeddable":true,"href":"https:\/\/www.redenoticia.com.br\/noticia\/wp-json\/wp\/v2\/media\/220666"}],"wp:attachment":[{"href":"https:\/\/www.redenoticia.com.br\/noticia\/wp-json\/wp\/v2\/media?parent=221790"}],"wp:term":[{"taxonomy":"category","embeddable":true,"href":"https:\/\/www.redenoticia.com.br\/noticia\/wp-json\/wp\/v2\/categories?post=221790"},{"taxonomy":"post_tag","embeddable":true,"href":"https:\/\/www.redenoticia.com.br\/noticia\/wp-json\/wp\/v2\/tags?post=221790"}],"curies":[{"name":"wp","href":"https:\/\/api.w.org\/{rel}","templated":true}]}}