{"id":221775,"date":"2022-07-10T16:30:58","date_gmt":"2022-07-10T19:30:58","guid":{"rendered":"https:\/\/www.redenoticia.com.br\/noticia\/?p=221775"},"modified":"2022-07-10T19:57:39","modified_gmt":"2022-07-10T22:57:39","slug":"resumo-pantanal-11-07-jose-lucas-nao-consegue-tirar-juma-da-cabeca","status":"publish","type":"post","link":"https:\/\/www.redenoticia.com.br\/noticia\/2022\/resumo-pantanal-11-07-jose-lucas-nao-consegue-tirar-juma-da-cabeca\/221775","title":{"rendered":"Resumo \u201cPantanal\u201d 11\/07: Jos\u00e9 Lucas n\u00e3o consegue esquecer de Juma"},"content":{"rendered":"<p><img loading=\"lazy\" decoding=\"async\" class=\"aligncenter size-full wp-image-217356\" src=\"https:\/\/www.redenoticia.com.br\/noticia\/imagens\/pantanal_rei_do_gado_2022.jpg\" alt=\"\" width=\"1280\" height=\"720\" srcset=\"https:\/\/www.redenoticia.com.br\/noticia\/imagens\/pantanal_rei_do_gado_2022.jpg 1280w, https:\/\/www.redenoticia.com.br\/noticia\/imagens\/pantanal_rei_do_gado_2022-250x140.jpg 250w, https:\/\/www.redenoticia.com.br\/noticia\/imagens\/pantanal_rei_do_gado_2022-400x225.jpg 400w, https:\/\/www.redenoticia.com.br\/noticia\/imagens\/pantanal_rei_do_gado_2022-768x432.jpg 768w, https:\/\/www.redenoticia.com.br\/noticia\/imagens\/pantanal_rei_do_gado_2022-150x84.jpg 150w\" sizes=\"auto, (max-width: 1280px) 100vw, 1280px\" \/><\/p>\n<p><strong><em>Resumo da novela \u201cPantanal\u201d<\/em><\/strong> em 11\/07: no cap\u00edtulo 091(*) da novela, Jos\u00e9 Le\u00f4ncio fica indignado quando Jove comunica que ir\u00e1 morar na tapera depois que se casar com Juma. Tadeu fica sensibilizado ao encontrar Guta. Zefa aceita o convite de Tadeu para assistir \u00e0 roda de viola na fazenda.<\/p>\n<p>Jos\u00e9 Lucas revela a Tib\u00e9rio que n\u00e3o consegue tirar Juma da cabe\u00e7a. Zefa fica abalada quando Tadeu se despe para tomar banho no rio. Jos\u00e9 Le\u00f4ncio acredita que Juma quer afastar Jove dele. Marcelo pede a Jos\u00e9 Le\u00f4ncio para conferir o gado antes de fechar a compra. <\/p>\n<p>(*) edi\u00e7\u00e3o das novelas da Globo, \u201cPantanal\u201d, sujeito a altera\u00e7\u00e3o de data e conte\u00fado.<\/p>\n<p>Sinopse \u201cPantanal\u201d: O tronco central acompanha o velho Joventino (Irandhir Santos) e seu filho, Jos\u00e9 Le\u00f4ncio (Renato G\u00f3es\/Marcos Palmeira). Confiando no conceito de que &#8220;a natureza pode mais que o homem&#8221;, Joventino acaba se tornando o maior pe\u00e3o do Pantanal e ficou famoso por trazer os bois selvagens, os ditos marru\u00e1s, no feiti\u00e7o. Por\u00e9m, foi logo ap\u00f3s essa compreens\u00e3o que Joventino desapareceu, sem deixar rastros, e abandonou o filho.<\/p>\n","protected":false},"excerpt":{"rendered":"<p>Resumo da novela \u201cPantanal\u201d em 11\/07: no cap\u00edtulo 091(*) da novela, Jos\u00e9 Le\u00f4ncio fica indignado quando Jove comunica que ir\u00e1 morar na tapera depois que se casar com Juma. Tadeu fica sensibilizado ao encontrar Guta. Zefa aceita o convite de Tadeu para assistir \u00e0 roda de viola na fazenda. Jos\u00e9 Lucas revela a Tib\u00e9rio que [&hellip;]<\/p>\n","protected":false},"author":4,"featured_media":217355,"comment_status":"closed","ping_status":"closed","sticky":false,"template":"","format":"standard","meta":{"_genesis_hide_title":false,"_genesis_hide_breadcrumbs":false,"_genesis_hide_singular_image":false,"_genesis_hide_footer_widgets":false,"_genesis_custom_body_class":"","_genesis_custom_post_class":"","_genesis_layout":"","_jetpack_memberships_contains_paid_content":false,"footnotes":""},"categories":[379,2260,375,2025,343],"tags":[441],"class_list":{"0":"post-221775","1":"post","2":"type-post","3":"status-publish","4":"format-standard","5":"has-post-thumbnail","7":"category-novelas","8":"category-pantanal","9":"category-rede-globo","10":"category-resumo","11":"category-televisao","12":"tag-resumo-do-dia","13":"entry","14":"gs-1","15":"gs-odd","16":"gs-even","17":"gs-featured-content-entry"},"jetpack_featured_media_url":"https:\/\/www.redenoticia.com.br\/noticia\/imagens\/pantanal_logo.jpg","jetpack_sharing_enabled":true,"jetpack_likes_enabled":true,"_links":{"self":[{"href":"https:\/\/www.redenoticia.com.br\/noticia\/wp-json\/wp\/v2\/posts\/221775","targetHints":{"allow":["GET"]}}],"collection":[{"href":"https:\/\/www.redenoticia.com.br\/noticia\/wp-json\/wp\/v2\/posts"}],"about":[{"href":"https:\/\/www.redenoticia.com.br\/noticia\/wp-json\/wp\/v2\/types\/post"}],"author":[{"embeddable":true,"href":"https:\/\/www.redenoticia.com.br\/noticia\/wp-json\/wp\/v2\/users\/4"}],"replies":[{"embeddable":true,"href":"https:\/\/www.redenoticia.com.br\/noticia\/wp-json\/wp\/v2\/comments?post=221775"}],"version-history":[{"count":0,"href":"https:\/\/www.redenoticia.com.br\/noticia\/wp-json\/wp\/v2\/posts\/221775\/revisions"}],"wp:featuredmedia":[{"embeddable":true,"href":"https:\/\/www.redenoticia.com.br\/noticia\/wp-json\/wp\/v2\/media\/217355"}],"wp:attachment":[{"href":"https:\/\/www.redenoticia.com.br\/noticia\/wp-json\/wp\/v2\/media?parent=221775"}],"wp:term":[{"taxonomy":"category","embeddable":true,"href":"https:\/\/www.redenoticia.com.br\/noticia\/wp-json\/wp\/v2\/categories?post=221775"},{"taxonomy":"post_tag","embeddable":true,"href":"https:\/\/www.redenoticia.com.br\/noticia\/wp-json\/wp\/v2\/tags?post=221775"}],"curies":[{"name":"wp","href":"https:\/\/api.w.org\/{rel}","templated":true}]}}