{"id":221615,"date":"2022-07-05T21:34:52","date_gmt":"2022-07-06T00:34:52","guid":{"rendered":"https:\/\/www.redenoticia.com.br\/noticia\/?p=221615"},"modified":"2022-07-05T21:34:52","modified_gmt":"2022-07-06T00:34:52","slug":"resumo-a-favorita-06-07-donatela-e-intimada-a-depor","status":"publish","type":"post","link":"https:\/\/www.redenoticia.com.br\/noticia\/2022\/resumo-a-favorita-06-07-donatela-e-intimada-a-depor\/221615","title":{"rendered":"Resumo &#8220;A Favorita&#8221; 06\/07: Donatela \u00e9 intimada a depor"},"content":{"rendered":"<p> <img loading=\"lazy\" decoding=\"async\" src=\"https:\/\/www.redenoticia.com.br\/noticia\/imagens\/afavorita2.jpg\" alt=\"\" width=\"1280\" height=\"720\" class=\"aligncenter size-full wp-image-219854\" srcset=\"https:\/\/www.redenoticia.com.br\/noticia\/imagens\/afavorita2.jpg 1280w, https:\/\/www.redenoticia.com.br\/noticia\/imagens\/afavorita2-250x140.jpg 250w, https:\/\/www.redenoticia.com.br\/noticia\/imagens\/afavorita2-400x225.jpg 400w, https:\/\/www.redenoticia.com.br\/noticia\/imagens\/afavorita2-768x432.jpg 768w, https:\/\/www.redenoticia.com.br\/noticia\/imagens\/afavorita2-150x84.jpg 150w\" sizes=\"auto, (max-width: 1280px) 100vw, 1280px\" \/><\/p>\n<p><em><strong>Resumo da novela &#8220;A Favorita&#8221;<\/strong><\/em> em 06\/07: no cap\u00edtulo 038(*) da novela, Cilene afirma que mentiu porque era amiga de Donatela, mas sempre se sentiu culpada. O delegado manda prender Cilene. Gon\u00e7alo e Irene revelam a Lara que o caso da morte de Marcelo pode ser reaberto por causa do depoimento de Salvatore. Lara fica pasma. Dodi garante a Donatela que est\u00e1 do lado dela. Donatela manda Dodi nunca mais procur\u00e1-la. Iolanda e Copola d\u00e3o apoio a Vanderlei. Leonardo pro\u00edbe Catarina de visitar a fam\u00edlia. Iolanda e Copola pedem para Catarina largar Leonardo.<\/p>\n<p>Catarina fica sem saber o que fazer. Didu discute com Rita e ela garante que n\u00e3o est\u00e1 com ele por interesse. Flora aparece na casa de Z\u00e9 Bob e ele a dispensa. Z\u00e9 Bob percebe que Donatela est\u00e1 chegando e manda Flora se esconder. Flora encontra algumas fotos que Z\u00e9 Bob tirou de Donatela. Donatela vai \u00e0 faculdade de Lara, mas ela se esconde. Lara confronta Salvatore e ele insinua que Donatela matou Marcelo. Lara fica arrasada. Dodi garante a Silveirinha que Donatela ainda vai aceit\u00e1-lo de volta. Lara diz a Halley que quer sair da cidade e ele pede para ir com ela. Os dois v\u00e3o para a casa de praia de Gon\u00e7alo. Elias \u00e9 eleito prefeito de Triunfo. Donatela descobre que Cilene mudou seu depoimento. Flora fica sabendo da not\u00edcia e comemora com Irene. Donatela \u00e9 intimada a depor.  <\/p>\n<p>(*) edi\u00e7\u00e3o das novelas da Globo, &#8220;A Favorita&#8221;, sujeito a altera\u00e7\u00e3o de data e conte\u00fado.<\/p>\n<p>Sinopse &#8220;A Favorita&#8221;: Donatela perdeu seus pais num acidente de carro e foi adotada pela fam\u00edlia de Flora, assim, as duas cresceram como irm\u00e3s. Elas sempre tiveram talento para o canto e chegaram a formar uma dupla sertaneja: Fa\u00edsca e Espoleta. As cantoras fizeram sucesso, mas sua carreira foi interrompida depois que conheceram os amigos Marcelo e Dodi. Donatela casou-se com Marcelo e Flora com Dodi, mas o casamento da primeira foi conturbado. O primeiro filho do casal desapareceu com seis meses de idade, e al\u00e9m disso, Flora teve um caso com o marido da melhor amiga, j\u00e1 separada de Dodi e dessa rela\u00e7\u00e3o nasceu Lara, o que a distanciou ainda mais de sua irm\u00e3 de cria\u00e7\u00e3o.<\/p>\n<p>No pior momento de disc\u00f3rdia entre as duas, Marcelo \u00e9 assassinado, e a culpa recai sobre Flora, que foi pega com a arma do crime, sendo sentenciada a dezoito anos de reclus\u00e3o, separando-se assim de sua filha, que \u00e9 adotada e criada por Donatela. Ao sair da pris\u00e3o, Flora quer provar sua inoc\u00eancia, com a ideia de que a verdadeira culpada foi sua ex-amiga. Donatela, por sua vez, faz de tudo para que Lara n\u00e3o se aproxime de sua m\u00e3e biol\u00f3gica, e a menina se torna o alvo da disputa entre as duas.<\/p>\n","protected":false},"excerpt":{"rendered":"<p>Resumo da novela &#8220;A Favorita&#8221; em 06\/07: no cap\u00edtulo 038(*) da novela, Cilene afirma que mentiu porque era amiga de Donatela, mas sempre se sentiu culpada. O delegado manda prender Cilene. Gon\u00e7alo e Irene revelam a Lara que o caso da morte de Marcelo pode ser reaberto por causa do depoimento de Salvatore. Lara fica [&hellip;]<\/p>\n","protected":false},"author":2,"featured_media":219850,"comment_status":"closed","ping_status":"closed","sticky":false,"template":"","format":"standard","meta":{"_genesis_hide_title":false,"_genesis_hide_breadcrumbs":false,"_genesis_hide_singular_image":false,"_genesis_hide_footer_widgets":false,"_genesis_custom_body_class":"","_genesis_custom_post_class":"","_genesis_layout":"","_jetpack_memberships_contains_paid_content":false,"footnotes":""},"categories":[2278,379,375,2025,343],"tags":[441],"class_list":{"0":"post-221615","1":"post","2":"type-post","3":"status-publish","4":"format-standard","5":"has-post-thumbnail","7":"category-a-favorita","8":"category-novelas","9":"category-rede-globo","10":"category-resumo","11":"category-televisao","12":"tag-resumo-do-dia","13":"entry","14":"gs-1","15":"gs-odd","16":"gs-even","17":"gs-featured-content-entry"},"jetpack_featured_media_url":"https:\/\/www.redenoticia.com.br\/noticia\/imagens\/afavoritalogo.jpg","jetpack_sharing_enabled":true,"jetpack_likes_enabled":true,"_links":{"self":[{"href":"https:\/\/www.redenoticia.com.br\/noticia\/wp-json\/wp\/v2\/posts\/221615","targetHints":{"allow":["GET"]}}],"collection":[{"href":"https:\/\/www.redenoticia.com.br\/noticia\/wp-json\/wp\/v2\/posts"}],"about":[{"href":"https:\/\/www.redenoticia.com.br\/noticia\/wp-json\/wp\/v2\/types\/post"}],"author":[{"embeddable":true,"href":"https:\/\/www.redenoticia.com.br\/noticia\/wp-json\/wp\/v2\/users\/2"}],"replies":[{"embeddable":true,"href":"https:\/\/www.redenoticia.com.br\/noticia\/wp-json\/wp\/v2\/comments?post=221615"}],"version-history":[{"count":0,"href":"https:\/\/www.redenoticia.com.br\/noticia\/wp-json\/wp\/v2\/posts\/221615\/revisions"}],"wp:featuredmedia":[{"embeddable":true,"href":"https:\/\/www.redenoticia.com.br\/noticia\/wp-json\/wp\/v2\/media\/219850"}],"wp:attachment":[{"href":"https:\/\/www.redenoticia.com.br\/noticia\/wp-json\/wp\/v2\/media?parent=221615"}],"wp:term":[{"taxonomy":"category","embeddable":true,"href":"https:\/\/www.redenoticia.com.br\/noticia\/wp-json\/wp\/v2\/categories?post=221615"},{"taxonomy":"post_tag","embeddable":true,"href":"https:\/\/www.redenoticia.com.br\/noticia\/wp-json\/wp\/v2\/tags?post=221615"}],"curies":[{"name":"wp","href":"https:\/\/api.w.org\/{rel}","templated":true}]}}