{"id":221373,"date":"2022-06-28T16:11:02","date_gmt":"2022-06-28T19:11:02","guid":{"rendered":"https:\/\/www.redenoticia.com.br\/noticia\/?p=221373"},"modified":"2022-06-28T16:11:02","modified_gmt":"2022-06-28T19:11:02","slug":"resumo-pantanal-29-06-guta-resolve-permanecer-na-fazenda","status":"publish","type":"post","link":"https:\/\/www.redenoticia.com.br\/noticia\/2022\/resumo-pantanal-29-06-guta-resolve-permanecer-na-fazenda\/221373","title":{"rendered":"Resumo \u201cPantanal\u201d 29\/06: Guta resolve permanecer na fazenda"},"content":{"rendered":"<p><img loading=\"lazy\" decoding=\"async\" class=\"aligncenter size-full wp-image-217356\" src=\"https:\/\/www.redenoticia.com.br\/noticia\/imagens\/pantanal_rei_do_gado_2022.jpg\" alt=\"\" width=\"1280\" height=\"720\" srcset=\"https:\/\/www.redenoticia.com.br\/noticia\/imagens\/pantanal_rei_do_gado_2022.jpg 1280w, https:\/\/www.redenoticia.com.br\/noticia\/imagens\/pantanal_rei_do_gado_2022-250x140.jpg 250w, https:\/\/www.redenoticia.com.br\/noticia\/imagens\/pantanal_rei_do_gado_2022-400x225.jpg 400w, https:\/\/www.redenoticia.com.br\/noticia\/imagens\/pantanal_rei_do_gado_2022-768x432.jpg 768w, https:\/\/www.redenoticia.com.br\/noticia\/imagens\/pantanal_rei_do_gado_2022-150x84.jpg 150w\" sizes=\"auto, (max-width: 1280px) 100vw, 1280px\" \/><\/p>\n<p><strong><em>Resumo da novela \u201cPantanal\u201d<\/em><\/strong> em 29\/06: no cap\u00edtulo 081(*) da novela, Guta fica feliz ao ver Marcelo e resolve permanecer na fazenda. Maria Bruaca n\u00e3o gosta da presen\u00e7a de Marcelo em sua casa. Jos\u00e9 Le\u00f4ncio percebe o ci\u00fame que Tadeu sente da proximidade do pai com Jove.<\/p>\n<p>Jos\u00e9 Lucas diz a Tadeu que n\u00e3o disputar\u00e1 a sela com os irm\u00e3os. Ten\u00f3rio fica incomodado com a postura de Maria Bruaca diante de Marcelo. Ten\u00f3rio pede a Maria Bruaca para tratar Marcelo com respeito. Fil\u00f3 nota que Jos\u00e9 Le\u00f4ncio ainda guarda rancor de Mariana. Trindade e Tib\u00e9rio entram em um embate por causa de Irma. <\/p>\n<p>(*) edi\u00e7\u00e3o das novelas da Globo, \u201cPantanal\u201d, sujeito a altera\u00e7\u00e3o de data e conte\u00fado.<\/p>\n<p>Sinopse \u201cPantanal\u201d: O tronco central acompanha o velho Joventino (Irandhir Santos) e seu filho, Jos\u00e9 Le\u00f4ncio (Renato G\u00f3es\/Marcos Palmeira). Confiando no conceito de que &#8220;a natureza pode mais que o homem&#8221;, Joventino acaba se tornando o maior pe\u00e3o do Pantanal e ficou famoso por trazer os bois selvagens, os ditos marru\u00e1s, no feiti\u00e7o. Por\u00e9m, foi logo ap\u00f3s essa compreens\u00e3o que Joventino desapareceu, sem deixar rastros, e abandonou o filho.<\/p>\n","protected":false},"excerpt":{"rendered":"<p>Resumo da novela \u201cPantanal\u201d em 29\/06: no cap\u00edtulo 081(*) da novela, Guta fica feliz ao ver Marcelo e resolve permanecer na fazenda. Maria Bruaca n\u00e3o gosta da presen\u00e7a de Marcelo em sua casa. Jos\u00e9 Le\u00f4ncio percebe o ci\u00fame que Tadeu sente da proximidade do pai com Jove. Jos\u00e9 Lucas diz a Tadeu que n\u00e3o disputar\u00e1 [&hellip;]<\/p>\n","protected":false},"author":4,"featured_media":217355,"comment_status":"closed","ping_status":"closed","sticky":false,"template":"","format":"standard","meta":{"_genesis_hide_title":false,"_genesis_hide_breadcrumbs":false,"_genesis_hide_singular_image":false,"_genesis_hide_footer_widgets":false,"_genesis_custom_body_class":"","_genesis_custom_post_class":"","_genesis_layout":"","_jetpack_memberships_contains_paid_content":false,"footnotes":""},"categories":[379,2260,375,2025,343],"tags":[441],"class_list":{"0":"post-221373","1":"post","2":"type-post","3":"status-publish","4":"format-standard","5":"has-post-thumbnail","7":"category-novelas","8":"category-pantanal","9":"category-rede-globo","10":"category-resumo","11":"category-televisao","12":"tag-resumo-do-dia","13":"entry","14":"gs-1","15":"gs-odd","16":"gs-even","17":"gs-featured-content-entry"},"jetpack_featured_media_url":"https:\/\/www.redenoticia.com.br\/noticia\/imagens\/pantanal_logo.jpg","jetpack_sharing_enabled":true,"jetpack_likes_enabled":true,"_links":{"self":[{"href":"https:\/\/www.redenoticia.com.br\/noticia\/wp-json\/wp\/v2\/posts\/221373","targetHints":{"allow":["GET"]}}],"collection":[{"href":"https:\/\/www.redenoticia.com.br\/noticia\/wp-json\/wp\/v2\/posts"}],"about":[{"href":"https:\/\/www.redenoticia.com.br\/noticia\/wp-json\/wp\/v2\/types\/post"}],"author":[{"embeddable":true,"href":"https:\/\/www.redenoticia.com.br\/noticia\/wp-json\/wp\/v2\/users\/4"}],"replies":[{"embeddable":true,"href":"https:\/\/www.redenoticia.com.br\/noticia\/wp-json\/wp\/v2\/comments?post=221373"}],"version-history":[{"count":0,"href":"https:\/\/www.redenoticia.com.br\/noticia\/wp-json\/wp\/v2\/posts\/221373\/revisions"}],"wp:featuredmedia":[{"embeddable":true,"href":"https:\/\/www.redenoticia.com.br\/noticia\/wp-json\/wp\/v2\/media\/217355"}],"wp:attachment":[{"href":"https:\/\/www.redenoticia.com.br\/noticia\/wp-json\/wp\/v2\/media?parent=221373"}],"wp:term":[{"taxonomy":"category","embeddable":true,"href":"https:\/\/www.redenoticia.com.br\/noticia\/wp-json\/wp\/v2\/categories?post=221373"},{"taxonomy":"post_tag","embeddable":true,"href":"https:\/\/www.redenoticia.com.br\/noticia\/wp-json\/wp\/v2\/tags?post=221373"}],"curies":[{"name":"wp","href":"https:\/\/api.w.org\/{rel}","templated":true}]}}