{"id":221262,"date":"2022-06-24T16:12:13","date_gmt":"2022-06-24T19:12:13","guid":{"rendered":"https:\/\/www.redenoticia.com.br\/noticia\/?p=221262"},"modified":"2022-06-24T16:12:13","modified_gmt":"2022-06-24T19:12:13","slug":"resumo-pantanal-25-06-jove-discute-com-jose-lucas-por-causa-de-juma","status":"publish","type":"post","link":"https:\/\/www.redenoticia.com.br\/noticia\/2022\/resumo-pantanal-25-06-jove-discute-com-jose-lucas-por-causa-de-juma\/221262","title":{"rendered":"Resumo \u201cPantanal\u201d 25\/06: Jove discute com Jos\u00e9 Lucas por causa de Juma"},"content":{"rendered":"<p><img loading=\"lazy\" decoding=\"async\" class=\"aligncenter size-full wp-image-217356\" src=\"https:\/\/www.redenoticia.com.br\/noticia\/imagens\/pantanal_rei_do_gado_2022.jpg\" alt=\"\" width=\"1280\" height=\"720\" srcset=\"https:\/\/www.redenoticia.com.br\/noticia\/imagens\/pantanal_rei_do_gado_2022.jpg 1280w, https:\/\/www.redenoticia.com.br\/noticia\/imagens\/pantanal_rei_do_gado_2022-250x140.jpg 250w, https:\/\/www.redenoticia.com.br\/noticia\/imagens\/pantanal_rei_do_gado_2022-400x225.jpg 400w, https:\/\/www.redenoticia.com.br\/noticia\/imagens\/pantanal_rei_do_gado_2022-768x432.jpg 768w, https:\/\/www.redenoticia.com.br\/noticia\/imagens\/pantanal_rei_do_gado_2022-150x84.jpg 150w\" sizes=\"auto, (max-width: 1280px) 100vw, 1280px\" \/><\/p>\n<p><strong><em>Resumo da novela \u201cPantanal\u201d<\/em><\/strong> em 25\/06: no cap\u00edtulo 078(*) da novela, Mariana insiste em dizer que n\u00e3o vai para o Pantanal. Jos\u00e9 Lucas comenta com Jos\u00e9 Le\u00f4ncio que ele foi muito duro com Tadeu. Zuleica fica estarrecida quando Marcelo revela que sabe que Guta \u00e9 sua irm\u00e3. Jove discute com Jos\u00e9 Lucas por causa de Juma, e Tib\u00e9rio impede que os dois irm\u00e3os se agridam fisicamente.<\/p>\n<p>Ten\u00f3rio instiga Tadeu a brigar com Jos\u00e9 Le\u00f4ncio e exigir do pai sua parte da heran\u00e7a em bois, prometendo ao pe\u00e3o parte das terras de sua fazenda. Jos\u00e9 Lucas diz a Tib\u00e9rio que ir\u00e1 tirar Juma da cabe\u00e7a. Alcides acusa Ten\u00f3rio de querer se aproveitar de Tadeu para ganhar dinheiro. Guta amea\u00e7a deixar Tadeu se o pe\u00e3o romper com Jos\u00e9 Le\u00f4ncio.<\/p>\n<p>(*) edi\u00e7\u00e3o das novelas da Globo, \u201cPantanal\u201d, sujeito a altera\u00e7\u00e3o de data e conte\u00fado.<\/p>\n<p>Sinopse \u201cPantanal\u201d: O tronco central acompanha o velho Joventino (Irandhir Santos) e seu filho, Jos\u00e9 Le\u00f4ncio (Renato G\u00f3es\/Marcos Palmeira). Confiando no conceito de que &#8220;a natureza pode mais que o homem&#8221;, Joventino acaba se tornando o maior pe\u00e3o do Pantanal e ficou famoso por trazer os bois selvagens, os ditos marru\u00e1s, no feiti\u00e7o. Por\u00e9m, foi logo ap\u00f3s essa compreens\u00e3o que Joventino desapareceu, sem deixar rastros, e abandonou o filho.<\/p>\n","protected":false},"excerpt":{"rendered":"<p>Resumo da novela \u201cPantanal\u201d em 25\/06: no cap\u00edtulo 078(*) da novela, Mariana insiste em dizer que n\u00e3o vai para o Pantanal. Jos\u00e9 Lucas comenta com Jos\u00e9 Le\u00f4ncio que ele foi muito duro com Tadeu. Zuleica fica estarrecida quando Marcelo revela que sabe que Guta \u00e9 sua irm\u00e3. Jove discute com Jos\u00e9 Lucas por causa de [&hellip;]<\/p>\n","protected":false},"author":4,"featured_media":217355,"comment_status":"closed","ping_status":"closed","sticky":false,"template":"","format":"standard","meta":{"_genesis_hide_title":false,"_genesis_hide_breadcrumbs":false,"_genesis_hide_singular_image":false,"_genesis_hide_footer_widgets":false,"_genesis_custom_body_class":"","_genesis_custom_post_class":"","_genesis_layout":"","_jetpack_memberships_contains_paid_content":false,"footnotes":""},"categories":[379,2260,375,2025,343],"tags":[441],"class_list":{"0":"post-221262","1":"post","2":"type-post","3":"status-publish","4":"format-standard","5":"has-post-thumbnail","7":"category-novelas","8":"category-pantanal","9":"category-rede-globo","10":"category-resumo","11":"category-televisao","12":"tag-resumo-do-dia","13":"entry","14":"gs-1","15":"gs-odd","16":"gs-even","17":"gs-featured-content-entry"},"jetpack_featured_media_url":"https:\/\/www.redenoticia.com.br\/noticia\/imagens\/pantanal_logo.jpg","jetpack_sharing_enabled":true,"jetpack_likes_enabled":true,"_links":{"self":[{"href":"https:\/\/www.redenoticia.com.br\/noticia\/wp-json\/wp\/v2\/posts\/221262","targetHints":{"allow":["GET"]}}],"collection":[{"href":"https:\/\/www.redenoticia.com.br\/noticia\/wp-json\/wp\/v2\/posts"}],"about":[{"href":"https:\/\/www.redenoticia.com.br\/noticia\/wp-json\/wp\/v2\/types\/post"}],"author":[{"embeddable":true,"href":"https:\/\/www.redenoticia.com.br\/noticia\/wp-json\/wp\/v2\/users\/4"}],"replies":[{"embeddable":true,"href":"https:\/\/www.redenoticia.com.br\/noticia\/wp-json\/wp\/v2\/comments?post=221262"}],"version-history":[{"count":0,"href":"https:\/\/www.redenoticia.com.br\/noticia\/wp-json\/wp\/v2\/posts\/221262\/revisions"}],"wp:featuredmedia":[{"embeddable":true,"href":"https:\/\/www.redenoticia.com.br\/noticia\/wp-json\/wp\/v2\/media\/217355"}],"wp:attachment":[{"href":"https:\/\/www.redenoticia.com.br\/noticia\/wp-json\/wp\/v2\/media?parent=221262"}],"wp:term":[{"taxonomy":"category","embeddable":true,"href":"https:\/\/www.redenoticia.com.br\/noticia\/wp-json\/wp\/v2\/categories?post=221262"},{"taxonomy":"post_tag","embeddable":true,"href":"https:\/\/www.redenoticia.com.br\/noticia\/wp-json\/wp\/v2\/tags?post=221262"}],"curies":[{"name":"wp","href":"https:\/\/api.w.org\/{rel}","templated":true}]}}