{"id":218536,"date":"2022-04-18T14:47:40","date_gmt":"2022-04-18T17:47:40","guid":{"rendered":"https:\/\/www.redenoticia.com.br\/noticia\/?p=218536"},"modified":"2022-04-18T14:47:40","modified_gmt":"2022-04-18T17:47:40","slug":"resumo-poliana-moca-19-04-joao-questiona-poliana-sobre-o-relacionamento-deles","status":"publish","type":"post","link":"https:\/\/www.redenoticia.com.br\/noticia\/2022\/resumo-poliana-moca-19-04-joao-questiona-poliana-sobre-o-relacionamento-deles\/218536","title":{"rendered":"Resumo \u201cPoliana Mo\u00e7a\u201d 19\/04: Jo\u00e3o questiona Poliana sobre o relacionamento deles"},"content":{"rendered":"<p><img loading=\"lazy\" decoding=\"async\" class=\"aligncenter size-full wp-image-217353\" src=\"https:\/\/www.redenoticia.com.br\/noticia\/imagens\/poliana_moca_elenco.jpg\" alt=\"\" width=\"1280\" height=\"720\" srcset=\"https:\/\/www.redenoticia.com.br\/noticia\/imagens\/poliana_moca_elenco.jpg 1280w, https:\/\/www.redenoticia.com.br\/noticia\/imagens\/poliana_moca_elenco-250x140.jpg 250w, https:\/\/www.redenoticia.com.br\/noticia\/imagens\/poliana_moca_elenco-400x225.jpg 400w, https:\/\/www.redenoticia.com.br\/noticia\/imagens\/poliana_moca_elenco-768x432.jpg 768w, https:\/\/www.redenoticia.com.br\/noticia\/imagens\/poliana_moca_elenco-150x84.jpg 150w\" sizes=\"auto, (max-width: 1280px) 100vw, 1280px\" \/><\/p>\n<p><strong><em>Resumo da novela \u201cPoliana Mo\u00e7a\u201d<\/em><\/strong> em 19\/04: no cap\u00edtulo 022(*) da novela, Gl\u00f3ria chega em casa e encontra as crian\u00e7as em sua casa com Roger. Em conversa, Jo\u00e3o e Poliana relembram o passado. Pedro e Chloe acionam os pais e o casal vai at\u00e9 o apartamento de Gl\u00f3ria e Roger.<\/p>\n<p>Otto interrompe a conversa da filha e Jo\u00e3o, pede para ter um di\u00e1logo s\u00e9rio e em particular com o garoto. Claudia separa roupas de beb\u00ea para Lu\u00edsa e Durval descobre que a irm\u00e3 est\u00e1 gr\u00e1vida. Jo\u00e3o tenta terminar o papo do dia anterior com Poliana, mas o Luigi chega e os atrapalham.<\/p>\n<p>Helena sente ci\u00fames de Poliana cantando com Jo\u00e3o na aula de m\u00fasica. Otto e S\u00e9rgio falam sobre Luca Tuber. Turma vai at\u00e9 o parque produzir cenas da webs\u00e9rie. Jo\u00e3o pergunta que tipo de relacionamento Poliana quer com ele.<\/p>\n<p>(*) edi\u00e7\u00e3o das novelas do SBT, \u201cPoliana Mo\u00e7a\u201d, sujeito a altera\u00e7\u00e3o de data e conte\u00fado.<\/p>\n<p>Sinopse \u201cPoliana Mo\u00e7a\u201d: Poliana (Sophia Valverde), agora com 15 anos, precisa enfrentar os dilemas t\u00edpicos da adolesc\u00eancia, como os dramas escolares, os planos para o futuro e a descoberta do amor entre o ex-valent\u00e3o Eric (Lucas Burgatti) e seu melhor amigo Jo\u00e3o (Igor Jansen), encontrando em Helena (Lu\u00edsa Bresser) uma rival no cora\u00e7\u00e3o dos dois.<\/p>\n","protected":false},"excerpt":{"rendered":"<p>Resumo da novela \u201cPoliana Mo\u00e7a\u201d em 19\/04: no cap\u00edtulo 022(*) da novela, Gl\u00f3ria chega em casa e encontra as crian\u00e7as em sua casa com Roger. Em conversa, Jo\u00e3o e Poliana relembram o passado. Pedro e Chloe acionam os pais e o casal vai at\u00e9 o apartamento de Gl\u00f3ria e Roger. Otto interrompe a conversa da [&hellip;]<\/p>\n","protected":false},"author":4,"featured_media":217354,"comment_status":"closed","ping_status":"closed","sticky":false,"template":"","format":"standard","meta":{"_genesis_hide_title":false,"_genesis_hide_breadcrumbs":false,"_genesis_hide_singular_image":false,"_genesis_hide_footer_widgets":false,"_genesis_custom_body_class":"","_genesis_custom_post_class":"","_genesis_layout":"","_jetpack_memberships_contains_paid_content":false,"footnotes":""},"categories":[379,2259,2025,372,343],"tags":[441],"class_list":{"0":"post-218536","1":"post","2":"type-post","3":"status-publish","4":"format-standard","5":"has-post-thumbnail","7":"category-novelas","8":"category-poliana-moca","9":"category-resumo","10":"category-sbt","11":"category-televisao","12":"tag-resumo-do-dia","13":"entry","14":"gs-1","15":"gs-odd","16":"gs-even","17":"gs-featured-content-entry"},"jetpack_featured_media_url":"https:\/\/www.redenoticia.com.br\/noticia\/imagens\/poliana-moca_sbt_resumo_novela.jpg","jetpack_sharing_enabled":true,"jetpack_likes_enabled":true,"_links":{"self":[{"href":"https:\/\/www.redenoticia.com.br\/noticia\/wp-json\/wp\/v2\/posts\/218536","targetHints":{"allow":["GET"]}}],"collection":[{"href":"https:\/\/www.redenoticia.com.br\/noticia\/wp-json\/wp\/v2\/posts"}],"about":[{"href":"https:\/\/www.redenoticia.com.br\/noticia\/wp-json\/wp\/v2\/types\/post"}],"author":[{"embeddable":true,"href":"https:\/\/www.redenoticia.com.br\/noticia\/wp-json\/wp\/v2\/users\/4"}],"replies":[{"embeddable":true,"href":"https:\/\/www.redenoticia.com.br\/noticia\/wp-json\/wp\/v2\/comments?post=218536"}],"version-history":[{"count":0,"href":"https:\/\/www.redenoticia.com.br\/noticia\/wp-json\/wp\/v2\/posts\/218536\/revisions"}],"wp:featuredmedia":[{"embeddable":true,"href":"https:\/\/www.redenoticia.com.br\/noticia\/wp-json\/wp\/v2\/media\/217354"}],"wp:attachment":[{"href":"https:\/\/www.redenoticia.com.br\/noticia\/wp-json\/wp\/v2\/media?parent=218536"}],"wp:term":[{"taxonomy":"category","embeddable":true,"href":"https:\/\/www.redenoticia.com.br\/noticia\/wp-json\/wp\/v2\/categories?post=218536"},{"taxonomy":"post_tag","embeddable":true,"href":"https:\/\/www.redenoticia.com.br\/noticia\/wp-json\/wp\/v2\/tags?post=218536"}],"curies":[{"name":"wp","href":"https:\/\/api.w.org\/{rel}","templated":true}]}}