{"id":218412,"date":"2022-04-14T13:58:22","date_gmt":"2022-04-14T16:58:22","guid":{"rendered":"https:\/\/www.redenoticia.com.br\/noticia\/?p=218412"},"modified":"2022-04-14T13:58:22","modified_gmt":"2022-04-14T16:58:22","slug":"resumo-poliana-moca-15-04-poliana-cobra-eric-sobre-tentativa-de-beijo","status":"publish","type":"post","link":"https:\/\/www.redenoticia.com.br\/noticia\/2022\/resumo-poliana-moca-15-04-poliana-cobra-eric-sobre-tentativa-de-beijo\/218412","title":{"rendered":"Resumo \u201cPoliana Mo\u00e7a\u201d 15\/04: Poliana cobra \u00c9ric sobre tentativa de beijo"},"content":{"rendered":"<p><img loading=\"lazy\" decoding=\"async\" class=\"aligncenter size-full wp-image-217353\" src=\"https:\/\/www.redenoticia.com.br\/noticia\/imagens\/poliana_moca_elenco.jpg\" alt=\"\" width=\"1280\" height=\"720\" srcset=\"https:\/\/www.redenoticia.com.br\/noticia\/imagens\/poliana_moca_elenco.jpg 1280w, https:\/\/www.redenoticia.com.br\/noticia\/imagens\/poliana_moca_elenco-250x140.jpg 250w, https:\/\/www.redenoticia.com.br\/noticia\/imagens\/poliana_moca_elenco-400x225.jpg 400w, https:\/\/www.redenoticia.com.br\/noticia\/imagens\/poliana_moca_elenco-768x432.jpg 768w, https:\/\/www.redenoticia.com.br\/noticia\/imagens\/poliana_moca_elenco-150x84.jpg 150w\" sizes=\"auto, (max-width: 1280px) 100vw, 1280px\" \/><\/p>\n<p><strong><em>Resumo da novela \u201cPoliana Mo\u00e7a\u201d<\/em><\/strong> em 15\/04: no cap\u00edtulo 020(*) da novela, Ant\u00f4nio e Branca ficam felizes com o salto de paraglider. Na tentativa de matar aula, Eug\u00eania nota Pedro e Chloe observando o vizinho. \u00c9ric fala para todos que est\u00e1 namorando Song Park.<\/p>\n<p>Moradores da comunidade Bem-Te-Vi fazem manifesta\u00e7\u00e3o pr\u00f3 Clube do La\u00e7o Lil\u00e1s. Helena escolhe figurino de Jo\u00e3o e tira foto. Otto desconfia da visita de Roger na mans\u00e3o. Hel\u00f4 recebe flores. Poliana cobra \u00c9ric sobre a tentativa de beijo.<\/p>\n<p>(*) edi\u00e7\u00e3o das novelas do SBT, \u201cPoliana Mo\u00e7a\u201d, sujeito a altera\u00e7\u00e3o de data e conte\u00fado.<\/p>\n<p>Sinopse \u201cPoliana Mo\u00e7a\u201d: Poliana (Sophia Valverde), agora com 15 anos, precisa enfrentar os dilemas t\u00edpicos da adolesc\u00eancia, como os dramas escolares, os planos para o futuro e a descoberta do amor entre o ex-valent\u00e3o Eric (Lucas Burgatti) e seu melhor amigo Jo\u00e3o (Igor Jansen), encontrando em Helena (Lu\u00edsa Bresser) uma rival no cora\u00e7\u00e3o dos dois.<\/p>\n","protected":false},"excerpt":{"rendered":"<p>Resumo da novela \u201cPoliana Mo\u00e7a\u201d em 15\/04: no cap\u00edtulo 020(*) da novela, Ant\u00f4nio e Branca ficam felizes com o salto de paraglider. Na tentativa de matar aula, Eug\u00eania nota Pedro e Chloe observando o vizinho. \u00c9ric fala para todos que est\u00e1 namorando Song Park. Moradores da comunidade Bem-Te-Vi fazem manifesta\u00e7\u00e3o pr\u00f3 Clube do La\u00e7o Lil\u00e1s. [&hellip;]<\/p>\n","protected":false},"author":4,"featured_media":217354,"comment_status":"closed","ping_status":"closed","sticky":false,"template":"","format":"standard","meta":{"_genesis_hide_title":false,"_genesis_hide_breadcrumbs":false,"_genesis_hide_singular_image":false,"_genesis_hide_footer_widgets":false,"_genesis_custom_body_class":"","_genesis_custom_post_class":"","_genesis_layout":"","_jetpack_memberships_contains_paid_content":false,"footnotes":""},"categories":[379,2259,2025,372,343],"tags":[441],"class_list":{"0":"post-218412","1":"post","2":"type-post","3":"status-publish","4":"format-standard","5":"has-post-thumbnail","7":"category-novelas","8":"category-poliana-moca","9":"category-resumo","10":"category-sbt","11":"category-televisao","12":"tag-resumo-do-dia","13":"entry","14":"gs-1","15":"gs-odd","16":"gs-even","17":"gs-featured-content-entry"},"jetpack_featured_media_url":"https:\/\/www.redenoticia.com.br\/noticia\/imagens\/poliana-moca_sbt_resumo_novela.jpg","jetpack_sharing_enabled":true,"jetpack_likes_enabled":true,"_links":{"self":[{"href":"https:\/\/www.redenoticia.com.br\/noticia\/wp-json\/wp\/v2\/posts\/218412","targetHints":{"allow":["GET"]}}],"collection":[{"href":"https:\/\/www.redenoticia.com.br\/noticia\/wp-json\/wp\/v2\/posts"}],"about":[{"href":"https:\/\/www.redenoticia.com.br\/noticia\/wp-json\/wp\/v2\/types\/post"}],"author":[{"embeddable":true,"href":"https:\/\/www.redenoticia.com.br\/noticia\/wp-json\/wp\/v2\/users\/4"}],"replies":[{"embeddable":true,"href":"https:\/\/www.redenoticia.com.br\/noticia\/wp-json\/wp\/v2\/comments?post=218412"}],"version-history":[{"count":0,"href":"https:\/\/www.redenoticia.com.br\/noticia\/wp-json\/wp\/v2\/posts\/218412\/revisions"}],"wp:featuredmedia":[{"embeddable":true,"href":"https:\/\/www.redenoticia.com.br\/noticia\/wp-json\/wp\/v2\/media\/217354"}],"wp:attachment":[{"href":"https:\/\/www.redenoticia.com.br\/noticia\/wp-json\/wp\/v2\/media?parent=218412"}],"wp:term":[{"taxonomy":"category","embeddable":true,"href":"https:\/\/www.redenoticia.com.br\/noticia\/wp-json\/wp\/v2\/categories?post=218412"},{"taxonomy":"post_tag","embeddable":true,"href":"https:\/\/www.redenoticia.com.br\/noticia\/wp-json\/wp\/v2\/tags?post=218412"}],"curies":[{"name":"wp","href":"https:\/\/api.w.org\/{rel}","templated":true}]}}