{"id":218267,"date":"2022-04-11T15:43:22","date_gmt":"2022-04-11T18:43:22","guid":{"rendered":"https:\/\/www.redenoticia.com.br\/noticia\/?p=218267"},"modified":"2022-04-11T15:43:22","modified_gmt":"2022-04-11T18:43:22","slug":"resumo-amanha-e-para-sempre-12-04-eduardo-encontra-as-cartas-que-fernanda-lhe-escreveu","status":"publish","type":"post","link":"https:\/\/www.redenoticia.com.br\/noticia\/2022\/resumo-amanha-e-para-sempre-12-04-eduardo-encontra-as-cartas-que-fernanda-lhe-escreveu\/218267","title":{"rendered":"Resumo \u201cAmanh\u00e3 \u00e9 para sempre\u201d 12\/04: Eduardo encontra as cartas que Fernanda lhe escreveu"},"content":{"rendered":"<p><img loading=\"lazy\" decoding=\"async\" class=\"aligncenter size-full wp-image-212995\" src=\"https:\/\/www.redenoticia.com.br\/noticia\/imagens\/amanha-e-para-sempre.jpeg\" alt=\"\" width=\"1280\" height=\"720\" srcset=\"https:\/\/www.redenoticia.com.br\/noticia\/imagens\/amanha-e-para-sempre.jpeg 1280w, https:\/\/www.redenoticia.com.br\/noticia\/imagens\/amanha-e-para-sempre-250x140.jpeg 250w, https:\/\/www.redenoticia.com.br\/noticia\/imagens\/amanha-e-para-sempre-400x225.jpeg 400w, https:\/\/www.redenoticia.com.br\/noticia\/imagens\/amanha-e-para-sempre-768x432.jpeg 768w, https:\/\/www.redenoticia.com.br\/noticia\/imagens\/amanha-e-para-sempre-150x85.jpeg 150w\" sizes=\"auto, (max-width: 1280px) 100vw, 1280px\" \/><\/p>\n<p><strong><em>Resumo da novela \u201cAmanh\u00e3 \u00e9 para sempre\u201d<\/em><\/strong> em 12\/04: no cap\u00edtulo 097(*) da novela, Eduardo encontra as cartas que Fernanda lhe escreveu durante os quinze anos que estiveram separados. Fernanda se surpreende quando Adriano pergunta se no tempo em que esteve longe ela teve contato com outro homem.<\/p>\n<p>B\u00e1rbara diz a Gon\u00e7alo que o Dr. Oregon entrou em contato com ela para dizer que Liliana est\u00e1 com ele e que logo ligar\u00e1 para estipular o valor do resgate. B\u00e1rbara convence Gon\u00e7alo a n\u00e3o comentar com ningu\u00e9m sobre o sequestro. Ubaldo, um conhecido de Vladimir, diz para Jaime que ir\u00e1 ajud\u00e1-lo a recuperar seu emprego na Prolasa. Eduardo revela a Steve que Fernanda sempre lhe escreveu.<\/p>\n<p>Orlando se surpreende quando Jaime diz que Flor que ofereceu os documentos da Lactos e que n\u00e3o comentou nada porque sabe que ele \u00e9 um homem honesto. Por telefone, Orlando informa a Gon\u00e7alo que j\u00e1 sabe quem traiu sua confian\u00e7a. An\u00edbal se irrita quando o pai diz que est\u00e1 providenciando os tr\u00e2mites para a reincorpora\u00e7\u00e3o de Adriano \u00e0 empresa. Gon\u00e7alo ignora a posi\u00e7\u00e3o do filho e readmite Adriano.<\/p>\n<p>(*) edi\u00e7\u00e3o das novelas do SBT, \u201cAmanh\u00e3 \u00e9 para sempre\u201d, sujeito a altera\u00e7\u00e3o de data e conte\u00fado.<\/p>\n<p>Sinopse \u201cAmanh\u00e3 \u00e9 para sempre\u201d: Fernanda \u00e9 a filha ca\u00e7ula do fazendeiro Gon\u00e7alo Elizalde, dono de uma grande companhia leiteira, e Eduardo \u00e9 filho de Soledade, a governanta da fam\u00edlia Elizalde. As duas crian\u00e7as t\u00eam crescido juntas e unidas por um amor inocente e justo, apesar da diferen\u00e7a de classes sociais.<\/p>\n<p>Gon\u00e7alo vive feliz com sua esposa Montserrat e seus cinco filhos, sem suspeitar que um inimigo implac\u00e1vel acerca aos seus. Art\u00eamio Bravo sente um \u00f3dio intenso e amargo de Gon\u00e7alo, que tem corro\u00eddo sua mente e, sua \u00fanica meta \u00e9 destruir, lenta e dolorosamente, toda a fam\u00edlia Elizalde.<\/p>\n","protected":false},"excerpt":{"rendered":"<p>Resumo da novela \u201cAmanh\u00e3 \u00e9 para sempre\u201d em 12\/04: no cap\u00edtulo 097(*) da novela, Eduardo encontra as cartas que Fernanda lhe escreveu durante os quinze anos que estiveram separados. Fernanda se surpreende quando Adriano pergunta se no tempo em que esteve longe ela teve contato com outro homem. B\u00e1rbara diz a Gon\u00e7alo que o Dr. [&hellip;]<\/p>\n","protected":false},"author":4,"featured_media":212996,"comment_status":"closed","ping_status":"closed","sticky":false,"template":"","format":"standard","meta":{"_genesis_hide_title":false,"_genesis_hide_breadcrumbs":false,"_genesis_hide_singular_image":false,"_genesis_hide_footer_widgets":false,"_genesis_custom_body_class":"","_genesis_custom_post_class":"","_genesis_layout":"","_jetpack_memberships_contains_paid_content":false,"footnotes":""},"categories":[2228,379,2025,372,343],"tags":[441],"class_list":{"0":"post-218267","1":"post","2":"type-post","3":"status-publish","4":"format-standard","5":"has-post-thumbnail","7":"category-amanha-e-para-sempre","8":"category-novelas","9":"category-resumo","10":"category-sbt","11":"category-televisao","12":"tag-resumo-do-dia","13":"entry","14":"gs-1","15":"gs-odd","16":"gs-even","17":"gs-featured-content-entry"},"jetpack_featured_media_url":"https:\/\/www.redenoticia.com.br\/noticia\/imagens\/amanha-e-para-sempre-sbt-resumo-sinopse-logo.jpeg","jetpack_sharing_enabled":true,"jetpack_likes_enabled":true,"_links":{"self":[{"href":"https:\/\/www.redenoticia.com.br\/noticia\/wp-json\/wp\/v2\/posts\/218267","targetHints":{"allow":["GET"]}}],"collection":[{"href":"https:\/\/www.redenoticia.com.br\/noticia\/wp-json\/wp\/v2\/posts"}],"about":[{"href":"https:\/\/www.redenoticia.com.br\/noticia\/wp-json\/wp\/v2\/types\/post"}],"author":[{"embeddable":true,"href":"https:\/\/www.redenoticia.com.br\/noticia\/wp-json\/wp\/v2\/users\/4"}],"replies":[{"embeddable":true,"href":"https:\/\/www.redenoticia.com.br\/noticia\/wp-json\/wp\/v2\/comments?post=218267"}],"version-history":[{"count":0,"href":"https:\/\/www.redenoticia.com.br\/noticia\/wp-json\/wp\/v2\/posts\/218267\/revisions"}],"wp:featuredmedia":[{"embeddable":true,"href":"https:\/\/www.redenoticia.com.br\/noticia\/wp-json\/wp\/v2\/media\/212996"}],"wp:attachment":[{"href":"https:\/\/www.redenoticia.com.br\/noticia\/wp-json\/wp\/v2\/media?parent=218267"}],"wp:term":[{"taxonomy":"category","embeddable":true,"href":"https:\/\/www.redenoticia.com.br\/noticia\/wp-json\/wp\/v2\/categories?post=218267"},{"taxonomy":"post_tag","embeddable":true,"href":"https:\/\/www.redenoticia.com.br\/noticia\/wp-json\/wp\/v2\/tags?post=218267"}],"curies":[{"name":"wp","href":"https:\/\/api.w.org\/{rel}","templated":true}]}}