{"id":217835,"date":"2022-03-29T18:47:41","date_gmt":"2022-03-29T21:47:41","guid":{"rendered":"https:\/\/www.redenoticia.com.br\/noticia\/?p=217835"},"modified":"2022-03-29T18:47:41","modified_gmt":"2022-03-29T21:47:41","slug":"resumo-amanha-e-para-sempre-30-03-fernanda-visita-liliana-em-sua-nova-casa","status":"publish","type":"post","link":"https:\/\/www.redenoticia.com.br\/noticia\/2022\/resumo-amanha-e-para-sempre-30-03-fernanda-visita-liliana-em-sua-nova-casa\/217835","title":{"rendered":"Resumo \u201cAmanh\u00e3 \u00e9 para sempre\u201d 30\/03: Fernanda visita Liliana em sua nova casa"},"content":{"rendered":"<p> <img loading=\"lazy\" decoding=\"async\" class=\"aligncenter size-full wp-image-212995\" src=\"https:\/\/www.redenoticia.com.br\/noticia\/imagens\/amanha-e-para-sempre.jpeg\" alt=\"\" width=\"1280\" height=\"720\" srcset=\"https:\/\/www.redenoticia.com.br\/noticia\/imagens\/amanha-e-para-sempre.jpeg 1280w, https:\/\/www.redenoticia.com.br\/noticia\/imagens\/amanha-e-para-sempre-250x140.jpeg 250w, https:\/\/www.redenoticia.com.br\/noticia\/imagens\/amanha-e-para-sempre-400x225.jpeg 400w, https:\/\/www.redenoticia.com.br\/noticia\/imagens\/amanha-e-para-sempre-768x432.jpeg 768w, https:\/\/www.redenoticia.com.br\/noticia\/imagens\/amanha-e-para-sempre-150x85.jpeg 150w\" sizes=\"auto, (max-width: 1280px) 100vw, 1280px\" \/><\/p>\n<p><strong><em>Resumo da novela \u201cAmanh\u00e3 \u00e9 para sempre\u201d<\/em><\/strong> em 30\/03: no cap\u00edtulo 088(*) da novela, Gard\u00eania diz a Jacinto e Margarida que vai ficar com eles porque n\u00e3o suporta ver V\u00eanus se insinuar para Esteve. Gon\u00e7alo diz aos filhos que decidiu repartir os seus bens em vida e todos ficam surpresos com a not\u00edcia. Eduardo telefona para Fernanda e informa que j\u00e1 levou Liliana para a nova casa.<\/p>\n<p>Aurora se espanta ao ver &#8220;socorro&#8221; escrita em sangue no espelho do banheiro. Gon\u00e7alo diz a B\u00e1rbara que est\u00e1 arrasado por sentir que a fam\u00edlia est\u00e1 se desintegrando. Assustada com as coisas que lhe acontecem na fazenda, Aurora diz que gostaria de viver em outro lugar para trabalhar e continuar seus estudos. Santiago diz que adoraria viver longe da fazenda, mas, que no momento, isso n\u00e3o \u00e9 poss\u00edvel, devido \u00e0 promessa que fez para Fernanda. Fernanda visita Liliana e as duas se emocionam.<\/p>\n<p>Eduardo leva Marina at\u00e9 Liliana. Fernanda e Eduardo se beijam. Ele se desculpa, mas Fernanda diz que gostou do beijo. Gon\u00e7alo se surpreende quando B\u00e1rbara diz ter provas da inoc\u00eancia de Adriano no desfalque do Grupo Lactos, pois os tr\u00eas milh\u00f5es de d\u00f3lares foram parar na conta banc\u00e1ria de uma empresa da qual compraram equipamentos.<\/p>\n<p>B\u00e1rbara pede ao marido que retire a queixa contra Adriano. Camilo manda Jacinto dizer a Franco Santoro que j\u00e1 sabe que o carro de seu pai est\u00e1 em seu poder. Eduardo comenta com Steve que n\u00e3o entende o motivo de sua m\u00e3e ter a certid\u00e3o de nascimento de Art\u00eamio Bravo, sendo ele um inimigo.<\/p>\n<p>(*) edi\u00e7\u00e3o das novelas do SBT, \u201cAmanh\u00e3 \u00e9 para sempre\u201d, sujeito a altera\u00e7\u00e3o de data e conte\u00fado.<\/p>\n<p>Sinopse \u201cAmanh\u00e3 \u00e9 para sempre\u201d: Fernanda \u00e9 a filha ca\u00e7ula do fazendeiro Gon\u00e7alo Elizalde, dono de uma grande companhia leiteira, e Eduardo \u00e9 filho de Soledade, a governanta da fam\u00edlia Elizalde. As duas crian\u00e7as t\u00eam crescido juntas e unidas por um amor inocente e justo, apesar da diferen\u00e7a de classes sociais.<\/p>\n<p>Gon\u00e7alo vive feliz com sua esposa Montserrat e seus cinco filhos, sem suspeitar que um inimigo implac\u00e1vel acerca aos seus. Art\u00eamio Bravo sente um \u00f3dio intenso e amargo de Gon\u00e7alo, que tem corro\u00eddo sua mente e, sua \u00fanica meta \u00e9 destruir, lenta e dolorosamente, toda a fam\u00edlia Elizalde.<\/p>\n","protected":false},"excerpt":{"rendered":"<p>Resumo da novela \u201cAmanh\u00e3 \u00e9 para sempre\u201d em 30\/03: no cap\u00edtulo 088(*) da novela, Gard\u00eania diz a Jacinto e Margarida que vai ficar com eles porque n\u00e3o suporta ver V\u00eanus se insinuar para Esteve. Gon\u00e7alo diz aos filhos que decidiu repartir os seus bens em vida e todos ficam surpresos com a not\u00edcia. Eduardo telefona [&hellip;]<\/p>\n","protected":false},"author":2,"featured_media":212996,"comment_status":"closed","ping_status":"closed","sticky":false,"template":"","format":"standard","meta":{"_genesis_hide_title":false,"_genesis_hide_breadcrumbs":false,"_genesis_hide_singular_image":false,"_genesis_hide_footer_widgets":false,"_genesis_custom_body_class":"","_genesis_custom_post_class":"","_genesis_layout":"","_jetpack_memberships_contains_paid_content":false,"footnotes":""},"categories":[2228,379,2025,372,343],"tags":[441],"class_list":{"0":"post-217835","1":"post","2":"type-post","3":"status-publish","4":"format-standard","5":"has-post-thumbnail","7":"category-amanha-e-para-sempre","8":"category-novelas","9":"category-resumo","10":"category-sbt","11":"category-televisao","12":"tag-resumo-do-dia","13":"entry","14":"gs-1","15":"gs-odd","16":"gs-even","17":"gs-featured-content-entry"},"jetpack_featured_media_url":"https:\/\/www.redenoticia.com.br\/noticia\/imagens\/amanha-e-para-sempre-sbt-resumo-sinopse-logo.jpeg","jetpack_sharing_enabled":true,"jetpack_likes_enabled":true,"_links":{"self":[{"href":"https:\/\/www.redenoticia.com.br\/noticia\/wp-json\/wp\/v2\/posts\/217835","targetHints":{"allow":["GET"]}}],"collection":[{"href":"https:\/\/www.redenoticia.com.br\/noticia\/wp-json\/wp\/v2\/posts"}],"about":[{"href":"https:\/\/www.redenoticia.com.br\/noticia\/wp-json\/wp\/v2\/types\/post"}],"author":[{"embeddable":true,"href":"https:\/\/www.redenoticia.com.br\/noticia\/wp-json\/wp\/v2\/users\/2"}],"replies":[{"embeddable":true,"href":"https:\/\/www.redenoticia.com.br\/noticia\/wp-json\/wp\/v2\/comments?post=217835"}],"version-history":[{"count":0,"href":"https:\/\/www.redenoticia.com.br\/noticia\/wp-json\/wp\/v2\/posts\/217835\/revisions"}],"wp:featuredmedia":[{"embeddable":true,"href":"https:\/\/www.redenoticia.com.br\/noticia\/wp-json\/wp\/v2\/media\/212996"}],"wp:attachment":[{"href":"https:\/\/www.redenoticia.com.br\/noticia\/wp-json\/wp\/v2\/media?parent=217835"}],"wp:term":[{"taxonomy":"category","embeddable":true,"href":"https:\/\/www.redenoticia.com.br\/noticia\/wp-json\/wp\/v2\/categories?post=217835"},{"taxonomy":"post_tag","embeddable":true,"href":"https:\/\/www.redenoticia.com.br\/noticia\/wp-json\/wp\/v2\/tags?post=217835"}],"curies":[{"name":"wp","href":"https:\/\/api.w.org\/{rel}","templated":true}]}}