{"id":217768,"date":"2022-03-27T17:28:19","date_gmt":"2022-03-27T20:28:19","guid":{"rendered":"https:\/\/www.redenoticia.com.br\/noticia\/?p=217768"},"modified":"2022-03-27T17:28:19","modified_gmt":"2022-03-27T20:28:19","slug":"resumo-poliana-moca-28-03-otto-repara-que-algo-valioso-foi-roubado","status":"publish","type":"post","link":"https:\/\/www.redenoticia.com.br\/noticia\/2022\/resumo-poliana-moca-28-03-otto-repara-que-algo-valioso-foi-roubado\/217768","title":{"rendered":"Resumo \u201cPoliana Mo\u00e7a\u201d 28\/03: Otto repara que algo valioso foi roubado"},"content":{"rendered":"<p> <img loading=\"lazy\" decoding=\"async\" class=\"aligncenter size-full wp-image-217353\" src=\"https:\/\/www.redenoticia.com.br\/noticia\/imagens\/poliana_moca_elenco.jpg\" alt=\"\" width=\"1280\" height=\"720\" srcset=\"https:\/\/www.redenoticia.com.br\/noticia\/imagens\/poliana_moca_elenco.jpg 1280w, https:\/\/www.redenoticia.com.br\/noticia\/imagens\/poliana_moca_elenco-250x140.jpg 250w, https:\/\/www.redenoticia.com.br\/noticia\/imagens\/poliana_moca_elenco-400x225.jpg 400w, https:\/\/www.redenoticia.com.br\/noticia\/imagens\/poliana_moca_elenco-768x432.jpg 768w, https:\/\/www.redenoticia.com.br\/noticia\/imagens\/poliana_moca_elenco-150x84.jpg 150w\" sizes=\"auto, (max-width: 1280px) 100vw, 1280px\" \/><\/p>\n<p><strong><em>Resumo da novela \u201cPoliana Mo\u00e7a\u201d<\/em><\/strong> em 28\/03: no cap\u00edtulo 006(*) da novela, Jo\u00e3o e Poliana cantam juntos para os convidados da festa. Kessya faz uma coreografia para homenagear a aniversariante e todos se envolvem. Poliana fica com receio de \u00c9ric se declarar para ela e desvia toda vez que nota ele chegando.<\/p>\n<p>T\u00e2nia e Marcelo ficam com ci\u00fames de Lu\u00edsa e Otto juntos com Poliana na festa. Ap\u00f3s sequestrar a rob\u00f4 Sara, Waldisney e Violeta invadem a mans\u00e3o de Otto. A valsa come\u00e7a, Jo\u00e3o e \u00c9ric encaram Poliana, ela surpreende na escolha do par. Otto recebe uma notifica\u00e7\u00e3o no celular que a casa foi invadida. Poliana v\u00ea Jo\u00e3o com Helena, ela admite para Luigi que est\u00e1 com ci\u00fames e confusa com sentimentos.<\/p>\n<p>Jo\u00e3o e \u00c9ric entram em conflito. Jo\u00e3o fala para o colega confessar para Poliana o que fez. Otto quer ir at\u00e9 a mans\u00e3o, mas Poliana o chama para dan\u00e7ar valsa. Luigi chama Song Park para dan\u00e7ar. Otto chega em casa e repara que algo valioso foi roubado. Waldisney deixa o bot\u00e3o da jaqueta cair na sala da mans\u00e3o.<\/p>\n<p>(*) edi\u00e7\u00e3o das novelas do SBT, \u201cPoliana Mo\u00e7a\u201d, sujeito a altera\u00e7\u00e3o de data e conte\u00fado.<\/p>\n<p>Sinopse \u201cPoliana Mo\u00e7a\u201d: Poliana (Sophia Valverde), agora com 15 anos, precisa enfrentar os dilemas t\u00edpicos da adolesc\u00eancia, como os dramas escolares, os planos para o futuro e a descoberta do amor entre o ex-valent\u00e3o Eric (Lucas Burgatti) e seu melhor amigo Jo\u00e3o (Igor Jansen), encontrando em Helena (Lu\u00edsa Bresser) uma rival no cora\u00e7\u00e3o dos dois.<\/p>\n","protected":false},"excerpt":{"rendered":"<p>Resumo da novela \u201cPoliana Mo\u00e7a\u201d em 28\/03: no cap\u00edtulo 006(*) da novela, Jo\u00e3o e Poliana cantam juntos para os convidados da festa. Kessya faz uma coreografia para homenagear a aniversariante e todos se envolvem. Poliana fica com receio de \u00c9ric se declarar para ela e desvia toda vez que nota ele chegando. T\u00e2nia e Marcelo [&hellip;]<\/p>\n","protected":false},"author":2,"featured_media":217354,"comment_status":"closed","ping_status":"closed","sticky":false,"template":"","format":"standard","meta":{"_genesis_hide_title":false,"_genesis_hide_breadcrumbs":false,"_genesis_hide_singular_image":false,"_genesis_hide_footer_widgets":false,"_genesis_custom_body_class":"","_genesis_custom_post_class":"","_genesis_layout":"","_jetpack_memberships_contains_paid_content":false,"footnotes":""},"categories":[379,2259,2025,372,343],"tags":[441],"class_list":{"0":"post-217768","1":"post","2":"type-post","3":"status-publish","4":"format-standard","5":"has-post-thumbnail","7":"category-novelas","8":"category-poliana-moca","9":"category-resumo","10":"category-sbt","11":"category-televisao","12":"tag-resumo-do-dia","13":"entry","14":"gs-1","15":"gs-odd","16":"gs-even","17":"gs-featured-content-entry"},"jetpack_featured_media_url":"https:\/\/www.redenoticia.com.br\/noticia\/imagens\/poliana-moca_sbt_resumo_novela.jpg","jetpack_sharing_enabled":true,"jetpack_likes_enabled":true,"_links":{"self":[{"href":"https:\/\/www.redenoticia.com.br\/noticia\/wp-json\/wp\/v2\/posts\/217768","targetHints":{"allow":["GET"]}}],"collection":[{"href":"https:\/\/www.redenoticia.com.br\/noticia\/wp-json\/wp\/v2\/posts"}],"about":[{"href":"https:\/\/www.redenoticia.com.br\/noticia\/wp-json\/wp\/v2\/types\/post"}],"author":[{"embeddable":true,"href":"https:\/\/www.redenoticia.com.br\/noticia\/wp-json\/wp\/v2\/users\/2"}],"replies":[{"embeddable":true,"href":"https:\/\/www.redenoticia.com.br\/noticia\/wp-json\/wp\/v2\/comments?post=217768"}],"version-history":[{"count":0,"href":"https:\/\/www.redenoticia.com.br\/noticia\/wp-json\/wp\/v2\/posts\/217768\/revisions"}],"wp:featuredmedia":[{"embeddable":true,"href":"https:\/\/www.redenoticia.com.br\/noticia\/wp-json\/wp\/v2\/media\/217354"}],"wp:attachment":[{"href":"https:\/\/www.redenoticia.com.br\/noticia\/wp-json\/wp\/v2\/media?parent=217768"}],"wp:term":[{"taxonomy":"category","embeddable":true,"href":"https:\/\/www.redenoticia.com.br\/noticia\/wp-json\/wp\/v2\/categories?post=217768"},{"taxonomy":"post_tag","embeddable":true,"href":"https:\/\/www.redenoticia.com.br\/noticia\/wp-json\/wp\/v2\/tags?post=217768"}],"curies":[{"name":"wp","href":"https:\/\/api.w.org\/{rel}","templated":true}]}}