{"id":217637,"date":"2022-03-24T16:00:22","date_gmt":"2022-03-24T19:00:22","guid":{"rendered":"https:\/\/www.redenoticia.com.br\/noticia\/?p=217637"},"modified":"2022-03-24T16:00:22","modified_gmt":"2022-03-24T19:00:22","slug":"resumo-amanha-e-para-sempre-25-03-barbara-empurra-macario-do-alto-da-montanha","status":"publish","type":"post","link":"https:\/\/www.redenoticia.com.br\/noticia\/2022\/resumo-amanha-e-para-sempre-25-03-barbara-empurra-macario-do-alto-da-montanha\/217637","title":{"rendered":"Resumo \u201cAmanh\u00e3 \u00e9 para sempre\u201d 25\/03: B\u00e1rbara empurra Mac\u00e1rio do alto da montanha"},"content":{"rendered":"<p><img loading=\"lazy\" decoding=\"async\" class=\"aligncenter size-full wp-image-212995\" src=\"https:\/\/www.redenoticia.com.br\/noticia\/imagens\/amanha-e-para-sempre.jpeg\" alt=\"\" width=\"1280\" height=\"720\" srcset=\"https:\/\/www.redenoticia.com.br\/noticia\/imagens\/amanha-e-para-sempre.jpeg 1280w, https:\/\/www.redenoticia.com.br\/noticia\/imagens\/amanha-e-para-sempre-250x140.jpeg 250w, https:\/\/www.redenoticia.com.br\/noticia\/imagens\/amanha-e-para-sempre-400x225.jpeg 400w, https:\/\/www.redenoticia.com.br\/noticia\/imagens\/amanha-e-para-sempre-768x432.jpeg 768w, https:\/\/www.redenoticia.com.br\/noticia\/imagens\/amanha-e-para-sempre-150x85.jpeg 150w\" sizes=\"auto, (max-width: 1280px) 100vw, 1280px\" \/><\/p>\n<p><strong><em>Resumo da novela \u201cAmanh\u00e3 \u00e9 para sempre\u201d<\/em><\/strong> em 25\/03: no cap\u00edtulo 085(*) da novela, B\u00e1rbara convence Camilo de que Aurora n\u00e3o \u00e9 mulher para seu irm\u00e3o e ele decide fazer de tudo para acabar com o relacionamento. Steve diz a V\u00eanus que haver\u00e1 uma festa na casa de Eduardo e ela dever\u00e1 seduzir um homem.<\/p>\n<p>Santiago pede Aurora em casamento. Ela aceita, mas pede que esperem um pouco. Eduardo entrega a Fernanda a certid\u00e3o de nascimento de Art\u00eamio Bravo, afirmando que ele e sua irm\u00e3 se conhecem. Priscila aceita culpar Flor para ajudar Adriano e Vladimir enquanto Gon\u00e7alo exige que An\u00edbal apresente provas contra a secret\u00e1ria.<\/p>\n<p>Fernanda diz a Eduardo que o apoia sobre tirar Liliana da cl\u00ednica e ele promete lev\u00e1-la para um lugar onde ficar\u00e1 protegida e bem cuidada. B\u00e1rbara empurra Mac\u00e1rio do alto da montanha, pois o considera uma amea\u00e7a. Camilo e Aurora passeiam a cavalo. V\u00eanus aceita a proposta de Steve e ele promete transform\u00e1-la em uma nova mulher. Eduardo diz para Fernanda que ela \u00e9 privilegiada por ter descoberto s\u00f3 agora a exist\u00eancia do mal, pois ele sabe disso desde crian\u00e7a.<\/p>\n<p>(*) edi\u00e7\u00e3o das novelas do SBT, \u201cAmanh\u00e3 \u00e9 para sempre\u201d, sujeito a altera\u00e7\u00e3o de data e conte\u00fado.<\/p>\n<p>Sinopse \u201cAmanh\u00e3 \u00e9 para sempre\u201d: Fernanda \u00e9 a filha ca\u00e7ula do fazendeiro Gon\u00e7alo Elizalde, dono de uma grande companhia leiteira, e Eduardo \u00e9 filho de Soledade, a governanta da fam\u00edlia Elizalde. As duas crian\u00e7as t\u00eam crescido juntas e unidas por um amor inocente e justo, apesar da diferen\u00e7a de classes sociais.<\/p>\n<p>Gon\u00e7alo vive feliz com sua esposa Montserrat e seus cinco filhos, sem suspeitar que um inimigo implac\u00e1vel acerca aos seus. Art\u00eamio Bravo sente um \u00f3dio intenso e amargo de Gon\u00e7alo, que tem corro\u00eddo sua mente e, sua \u00fanica meta \u00e9 destruir, lenta e dolorosamente, toda a fam\u00edlia Elizalde.<\/p>\n","protected":false},"excerpt":{"rendered":"<p>Resumo da novela \u201cAmanh\u00e3 \u00e9 para sempre\u201d em 25\/03: no cap\u00edtulo 085(*) da novela, B\u00e1rbara convence Camilo de que Aurora n\u00e3o \u00e9 mulher para seu irm\u00e3o e ele decide fazer de tudo para acabar com o relacionamento. Steve diz a V\u00eanus que haver\u00e1 uma festa na casa de Eduardo e ela dever\u00e1 seduzir um homem. [&hellip;]<\/p>\n","protected":false},"author":4,"featured_media":212996,"comment_status":"closed","ping_status":"closed","sticky":false,"template":"","format":"standard","meta":{"_genesis_hide_title":false,"_genesis_hide_breadcrumbs":false,"_genesis_hide_singular_image":false,"_genesis_hide_footer_widgets":false,"_genesis_custom_body_class":"","_genesis_custom_post_class":"","_genesis_layout":"","_jetpack_memberships_contains_paid_content":false,"footnotes":""},"categories":[2228,379,2025,372,343],"tags":[441],"class_list":{"0":"post-217637","1":"post","2":"type-post","3":"status-publish","4":"format-standard","5":"has-post-thumbnail","7":"category-amanha-e-para-sempre","8":"category-novelas","9":"category-resumo","10":"category-sbt","11":"category-televisao","12":"tag-resumo-do-dia","13":"entry","14":"gs-1","15":"gs-odd","16":"gs-even","17":"gs-featured-content-entry"},"jetpack_featured_media_url":"https:\/\/www.redenoticia.com.br\/noticia\/imagens\/amanha-e-para-sempre-sbt-resumo-sinopse-logo.jpeg","jetpack_sharing_enabled":true,"jetpack_likes_enabled":true,"_links":{"self":[{"href":"https:\/\/www.redenoticia.com.br\/noticia\/wp-json\/wp\/v2\/posts\/217637","targetHints":{"allow":["GET"]}}],"collection":[{"href":"https:\/\/www.redenoticia.com.br\/noticia\/wp-json\/wp\/v2\/posts"}],"about":[{"href":"https:\/\/www.redenoticia.com.br\/noticia\/wp-json\/wp\/v2\/types\/post"}],"author":[{"embeddable":true,"href":"https:\/\/www.redenoticia.com.br\/noticia\/wp-json\/wp\/v2\/users\/4"}],"replies":[{"embeddable":true,"href":"https:\/\/www.redenoticia.com.br\/noticia\/wp-json\/wp\/v2\/comments?post=217637"}],"version-history":[{"count":0,"href":"https:\/\/www.redenoticia.com.br\/noticia\/wp-json\/wp\/v2\/posts\/217637\/revisions"}],"wp:featuredmedia":[{"embeddable":true,"href":"https:\/\/www.redenoticia.com.br\/noticia\/wp-json\/wp\/v2\/media\/212996"}],"wp:attachment":[{"href":"https:\/\/www.redenoticia.com.br\/noticia\/wp-json\/wp\/v2\/media?parent=217637"}],"wp:term":[{"taxonomy":"category","embeddable":true,"href":"https:\/\/www.redenoticia.com.br\/noticia\/wp-json\/wp\/v2\/categories?post=217637"},{"taxonomy":"post_tag","embeddable":true,"href":"https:\/\/www.redenoticia.com.br\/noticia\/wp-json\/wp\/v2\/tags?post=217637"}],"curies":[{"name":"wp","href":"https:\/\/api.w.org\/{rel}","templated":true}]}}