{"id":217542,"date":"2022-03-22T17:05:18","date_gmt":"2022-03-22T20:05:18","guid":{"rendered":"https:\/\/www.redenoticia.com.br\/noticia\/?p=217542"},"modified":"2022-03-22T17:05:18","modified_gmt":"2022-03-22T20:05:18","slug":"resumo-carinha-de-anjo-23-03-dulce-maria-tenta-se-aproximar-de-frida","status":"publish","type":"post","link":"https:\/\/www.redenoticia.com.br\/noticia\/2022\/resumo-carinha-de-anjo-23-03-dulce-maria-tenta-se-aproximar-de-frida\/217542","title":{"rendered":"Resumo \u201cCarinha De Anjo\u201d 23\/03: Dulce Maria tenta se aproximar de Frida"},"content":{"rendered":"<p><img loading=\"lazy\" decoding=\"async\" class=\"aligncenter size-full wp-image-210452\" src=\"https:\/\/www.redenoticia.com.br\/noticia\/imagens\/carinha-de-anjo-novela-sbt-elenco-infantil.jpeg\" alt=\"\" width=\"1280\" height=\"720\" srcset=\"https:\/\/www.redenoticia.com.br\/noticia\/imagens\/carinha-de-anjo-novela-sbt-elenco-infantil.jpeg 1280w, https:\/\/www.redenoticia.com.br\/noticia\/imagens\/carinha-de-anjo-novela-sbt-elenco-infantil-250x140.jpeg 250w, https:\/\/www.redenoticia.com.br\/noticia\/imagens\/carinha-de-anjo-novela-sbt-elenco-infantil-400x225.jpeg 400w, https:\/\/www.redenoticia.com.br\/noticia\/imagens\/carinha-de-anjo-novela-sbt-elenco-infantil-768x432.jpeg 768w, https:\/\/www.redenoticia.com.br\/noticia\/imagens\/carinha-de-anjo-novela-sbt-elenco-infantil-150x85.jpeg 150w\" sizes=\"auto, (max-width: 1280px) 100vw, 1280px\" \/><\/p>\n<p><strong><em>Resumo da novela \u201cCarinha De Anjo\u201d<\/em><\/strong> em 23\/03: no cap\u00edtulo 144(*) da novela, Silvana diz para Crist\u00f3v\u00e3o que os \u00e1rabes querem antecipar a reuni\u00e3o sobre o pre\u00e7o dos caf\u00e9s. O advogado pede para que a secret\u00e1ria avise que o presidente da empresa est\u00e1 fora do Pa\u00eds e marque a reuni\u00e3o apenas para quando ele estiver de volta.<\/p>\n<p>A inspetora de pol\u00edcia Ol\u00edvia est\u00e1 de volta a delegacia e entrega um relat\u00f3rio para o delegado Peixoto onde afirma que o policial Ribeiro n\u00e3o t\u00eam fun\u00e7\u00e3o al\u00e9m de servir caf\u00e9. Em particular, Ol\u00edvia diz ao delegado que acredita tamb\u00e9m que j\u00e1 chegou o momento dele se aposentar. Silvana conta para Leonardo que Crist\u00f3v\u00e3o mandou remarcar a reuni\u00e3o com os \u00e1rabes e o homem finge preocupa\u00e7\u00e3o com a empresa ao dizer que ir\u00e1 conversar com o advogado.<\/p>\n<p>Na lua de mel, Gustavo apresenta a culin\u00e1ria t\u00edpica da regi\u00e3o de Bariloche para Cec\u00edlia, que fica encantada com o sabor. Leonardo entrega para Fl\u00e1vio a c\u00f3pia da proposta que os \u00e1rabes querem discutir com Crist\u00f3v\u00e3o para o filho de Haydee e manda que ele entregue para a empresa concorrente da Rey Caf\u00e9, assim a empresa de Gustavo perder\u00e1 um importante cliente. Cec\u00edlia e Gustavo tamb\u00e9m fazem compras no com\u00e9rcio local. Vitor chega ao hospital no Rio de Janeiro e descobre que a mulher faleceu.<\/p>\n<p>Cassandra se depara com Vitor pela primeira vez e lhe abra\u00e7a. A garota pede para o pai lhe assumir e lev\u00e1-la para sua casa, pois sempre sonhou com esse momento. Vitor fica em choque e n\u00e3o consegue dizer nada. A garota chora, pede para o pai esquecer dela e vai embora. Dulce Maria tenta se aproximar de Frida. Em outro dia, Vitor pede desculpa pelo outro dia no hospital e conta que ir\u00e1 lev\u00e1-la para Doce Horizonte. Cassandra pergunta se Estef\u00e2nia ir\u00e1 se adaptar com ela. Vitor diz que a esposa \u00e9 compreensiva, embora leve um susto no primeiro momento.<\/p>\n<p>(*) edi\u00e7\u00e3o das novelas do SBT, \u201cCarinha De Anjo\u201d, sujeito a altera\u00e7\u00e3o de data e conte\u00fado.<\/p>\n<p>Sinopse \u201cCarinha De Anjo\u201d: Dulce Maria \u00e9 uma menina doce, ing\u00eanua, inteligente e alegre de 5 anos de idade. \u00c9 brincalhona, aventureira e extremamente curiosa. Diverte a todos com seus coment\u00e1rios e perguntas indiscretas e surpreende com suas descobertas.<\/p>\n<p>Ela \u00e9 filha \u00fanica de Gustavo L\u00e1rios (Carlo Porto), bem-sucedido empres\u00e1rio da cafeicultura brasileira, e da mexicana Teresa Rezende L\u00e1rios (Lucero), m\u00e3e acolhedora de s\u00e1bios conselhos e voz ador\u00e1vel, que faleceu num acidente quando Dulce Maria tinha apenas 3 anos de idade. Traumatizado com a trag\u00e9dia, Gustavo deixou a filha no col\u00e9gio interno.<\/p>\n","protected":false},"excerpt":{"rendered":"<p>Resumo da novela \u201cCarinha De Anjo\u201d em 23\/03: no cap\u00edtulo 144(*) da novela, Silvana diz para Crist\u00f3v\u00e3o que os \u00e1rabes querem antecipar a reuni\u00e3o sobre o pre\u00e7o dos caf\u00e9s. O advogado pede para que a secret\u00e1ria avise que o presidente da empresa est\u00e1 fora do Pa\u00eds e marque a reuni\u00e3o apenas para quando ele estiver [&hellip;]<\/p>\n","protected":false},"author":4,"featured_media":210453,"comment_status":"closed","ping_status":"closed","sticky":false,"template":"","format":"standard","meta":{"_genesis_hide_title":false,"_genesis_hide_breadcrumbs":false,"_genesis_hide_singular_image":false,"_genesis_hide_footer_widgets":false,"_genesis_custom_body_class":"","_genesis_custom_post_class":"","_genesis_layout":"","_jetpack_memberships_contains_paid_content":false,"footnotes":""},"categories":[452,379,2025,372,343],"tags":[441],"class_list":{"0":"post-217542","1":"post","2":"type-post","3":"status-publish","4":"format-standard","5":"has-post-thumbnail","7":"category-carinha-de-anjo","8":"category-novelas","9":"category-resumo","10":"category-sbt","11":"category-televisao","12":"tag-resumo-do-dia","13":"entry","14":"gs-1","15":"gs-odd","16":"gs-even","17":"gs-featured-content-entry"},"jetpack_featured_media_url":"https:\/\/www.redenoticia.com.br\/noticia\/imagens\/carinha-de-anjo-resumo-novela-sbt-elenco-infantil.jpeg","jetpack_sharing_enabled":true,"jetpack_likes_enabled":true,"_links":{"self":[{"href":"https:\/\/www.redenoticia.com.br\/noticia\/wp-json\/wp\/v2\/posts\/217542","targetHints":{"allow":["GET"]}}],"collection":[{"href":"https:\/\/www.redenoticia.com.br\/noticia\/wp-json\/wp\/v2\/posts"}],"about":[{"href":"https:\/\/www.redenoticia.com.br\/noticia\/wp-json\/wp\/v2\/types\/post"}],"author":[{"embeddable":true,"href":"https:\/\/www.redenoticia.com.br\/noticia\/wp-json\/wp\/v2\/users\/4"}],"replies":[{"embeddable":true,"href":"https:\/\/www.redenoticia.com.br\/noticia\/wp-json\/wp\/v2\/comments?post=217542"}],"version-history":[{"count":0,"href":"https:\/\/www.redenoticia.com.br\/noticia\/wp-json\/wp\/v2\/posts\/217542\/revisions"}],"wp:featuredmedia":[{"embeddable":true,"href":"https:\/\/www.redenoticia.com.br\/noticia\/wp-json\/wp\/v2\/media\/210453"}],"wp:attachment":[{"href":"https:\/\/www.redenoticia.com.br\/noticia\/wp-json\/wp\/v2\/media?parent=217542"}],"wp:term":[{"taxonomy":"category","embeddable":true,"href":"https:\/\/www.redenoticia.com.br\/noticia\/wp-json\/wp\/v2\/categories?post=217542"},{"taxonomy":"post_tag","embeddable":true,"href":"https:\/\/www.redenoticia.com.br\/noticia\/wp-json\/wp\/v2\/tags?post=217542"}],"curies":[{"name":"wp","href":"https:\/\/api.w.org\/{rel}","templated":true}]}}