{"id":217486,"date":"2022-03-21T16:10:29","date_gmt":"2022-03-21T19:10:29","guid":{"rendered":"https:\/\/www.redenoticia.com.br\/noticia\/?p=217486"},"modified":"2022-03-21T16:10:29","modified_gmt":"2022-03-21T19:10:29","slug":"resumo-amanha-e-para-sempre-22-03-rebeca-sugere-a-artemio-eliminar-franco-santoro","status":"publish","type":"post","link":"https:\/\/www.redenoticia.com.br\/noticia\/2022\/resumo-amanha-e-para-sempre-22-03-rebeca-sugere-a-artemio-eliminar-franco-santoro\/217486","title":{"rendered":"Resumo \u201cAmanh\u00e3 \u00e9 para sempre\u201d 22\/03: Rebeca sugere a Art\u00eamio eliminar Franco Santoro"},"content":{"rendered":"<p><img loading=\"lazy\" decoding=\"async\" class=\"aligncenter size-full wp-image-212995\" src=\"https:\/\/www.redenoticia.com.br\/noticia\/imagens\/amanha-e-para-sempre.jpeg\" alt=\"\" width=\"1280\" height=\"720\" srcset=\"https:\/\/www.redenoticia.com.br\/noticia\/imagens\/amanha-e-para-sempre.jpeg 1280w, https:\/\/www.redenoticia.com.br\/noticia\/imagens\/amanha-e-para-sempre-250x140.jpeg 250w, https:\/\/www.redenoticia.com.br\/noticia\/imagens\/amanha-e-para-sempre-400x225.jpeg 400w, https:\/\/www.redenoticia.com.br\/noticia\/imagens\/amanha-e-para-sempre-768x432.jpeg 768w, https:\/\/www.redenoticia.com.br\/noticia\/imagens\/amanha-e-para-sempre-150x85.jpeg 150w\" sizes=\"auto, (max-width: 1280px) 100vw, 1280px\" \/><\/p>\n<p><strong><em>Resumo da novela \u201cAmanh\u00e3 \u00e9 para sempre\u201d<\/em><\/strong> em 22\/03: no cap\u00edtulo 082(*) da novela, Priscila volta para casa sem responder a Adriano. Fernanda diz a Eduardo que ele \u00e9 seu \u00fanico aliado e se beijam. Gard\u00eania se sente incomodada com a visita de V\u00eanus e Steve deduz que ela est\u00e1 enciumada. Eduardo sugere a Fernanda que tente superar seus sentimentos, caso contr\u00e1rio n\u00e3o conseguir\u00e1 ajudar ningu\u00e9m.<\/p>\n<p>Rebeca entrega a Art\u00eamio o contrato da sociedade entre Power Milk e o Grupo Lactos e sugere que eliminem Franco Santoro, para que sejam eles os respons\u00e1veis pela destrui\u00e7\u00e3o da fam\u00edlia Elizalde. Aurora diz a Santiago que seu \u00fanico objetivo \u00e9 continuar a seu lado e esquecer Dominga. Priscila discute com An\u00edbal por causa de sua indiferen\u00e7a.<\/p>\n<p>Adriano promete a Vladimir que ir\u00e1 ajud\u00e1-lo a respeito de seu filho. Eduardo e Steve conversam sobre os preparativos da festa. B\u00e1rbara diz a Gon\u00e7alo que tem medo do que possa lhe acontecer se um dia ele faltar. Eduardo e Fernanda relembram o beijo. Eduardo revela para Steve que se sente mal por saber que a vida de Fernanda e de toda sua fam\u00edlia se transformar\u00e1 em uma trag\u00e9dia. Steve diz a Eduardo que Fernanda o ama.<\/p>\n<p>(*) edi\u00e7\u00e3o das novelas do SBT, \u201cAmanh\u00e3 \u00e9 para sempre\u201d, sujeito a altera\u00e7\u00e3o de data e conte\u00fado.<\/p>\n<p>Sinopse \u201cAmanh\u00e3 \u00e9 para sempre\u201d: Fernanda \u00e9 a filha ca\u00e7ula do fazendeiro Gon\u00e7alo Elizalde, dono de uma grande companhia leiteira, e Eduardo \u00e9 filho de Soledade, a governanta da fam\u00edlia Elizalde. As duas crian\u00e7as t\u00eam crescido juntas e unidas por um amor inocente e justo, apesar da diferen\u00e7a de classes sociais.<\/p>\n<p>Gon\u00e7alo vive feliz com sua esposa Montserrat e seus cinco filhos, sem suspeitar que um inimigo implac\u00e1vel acerca aos seus. Art\u00eamio Bravo sente um \u00f3dio intenso e amargo de Gon\u00e7alo, que tem corro\u00eddo sua mente e, sua \u00fanica meta \u00e9 destruir, lenta e dolorosamente, toda a fam\u00edlia Elizalde.<\/p>\n","protected":false},"excerpt":{"rendered":"<p>Resumo da novela \u201cAmanh\u00e3 \u00e9 para sempre\u201d em 22\/03: no cap\u00edtulo 082(*) da novela, Priscila volta para casa sem responder a Adriano. Fernanda diz a Eduardo que ele \u00e9 seu \u00fanico aliado e se beijam. Gard\u00eania se sente incomodada com a visita de V\u00eanus e Steve deduz que ela est\u00e1 enciumada. Eduardo sugere a Fernanda [&hellip;]<\/p>\n","protected":false},"author":4,"featured_media":212996,"comment_status":"closed","ping_status":"closed","sticky":false,"template":"","format":"standard","meta":{"_genesis_hide_title":false,"_genesis_hide_breadcrumbs":false,"_genesis_hide_singular_image":false,"_genesis_hide_footer_widgets":false,"_genesis_custom_body_class":"","_genesis_custom_post_class":"","_genesis_layout":"","_jetpack_memberships_contains_paid_content":false,"footnotes":""},"categories":[2228,379,2025,372,343],"tags":[441],"class_list":{"0":"post-217486","1":"post","2":"type-post","3":"status-publish","4":"format-standard","5":"has-post-thumbnail","7":"category-amanha-e-para-sempre","8":"category-novelas","9":"category-resumo","10":"category-sbt","11":"category-televisao","12":"tag-resumo-do-dia","13":"entry","14":"gs-1","15":"gs-odd","16":"gs-even","17":"gs-featured-content-entry"},"jetpack_featured_media_url":"https:\/\/www.redenoticia.com.br\/noticia\/imagens\/amanha-e-para-sempre-sbt-resumo-sinopse-logo.jpeg","jetpack_sharing_enabled":true,"jetpack_likes_enabled":true,"_links":{"self":[{"href":"https:\/\/www.redenoticia.com.br\/noticia\/wp-json\/wp\/v2\/posts\/217486","targetHints":{"allow":["GET"]}}],"collection":[{"href":"https:\/\/www.redenoticia.com.br\/noticia\/wp-json\/wp\/v2\/posts"}],"about":[{"href":"https:\/\/www.redenoticia.com.br\/noticia\/wp-json\/wp\/v2\/types\/post"}],"author":[{"embeddable":true,"href":"https:\/\/www.redenoticia.com.br\/noticia\/wp-json\/wp\/v2\/users\/4"}],"replies":[{"embeddable":true,"href":"https:\/\/www.redenoticia.com.br\/noticia\/wp-json\/wp\/v2\/comments?post=217486"}],"version-history":[{"count":0,"href":"https:\/\/www.redenoticia.com.br\/noticia\/wp-json\/wp\/v2\/posts\/217486\/revisions"}],"wp:featuredmedia":[{"embeddable":true,"href":"https:\/\/www.redenoticia.com.br\/noticia\/wp-json\/wp\/v2\/media\/212996"}],"wp:attachment":[{"href":"https:\/\/www.redenoticia.com.br\/noticia\/wp-json\/wp\/v2\/media?parent=217486"}],"wp:term":[{"taxonomy":"category","embeddable":true,"href":"https:\/\/www.redenoticia.com.br\/noticia\/wp-json\/wp\/v2\/categories?post=217486"},{"taxonomy":"post_tag","embeddable":true,"href":"https:\/\/www.redenoticia.com.br\/noticia\/wp-json\/wp\/v2\/tags?post=217486"}],"curies":[{"name":"wp","href":"https:\/\/api.w.org\/{rel}","templated":true}]}}