{"id":217462,"date":"2022-03-20T13:23:14","date_gmt":"2022-03-20T16:23:14","guid":{"rendered":"https:\/\/www.redenoticia.com.br\/noticia\/?p=217462"},"modified":"2022-03-20T13:23:14","modified_gmt":"2022-03-20T16:23:14","slug":"resumo-poliana-moca-21-03-roger-sai-da-prisao","status":"publish","type":"post","link":"https:\/\/www.redenoticia.com.br\/noticia\/2022\/resumo-poliana-moca-21-03-roger-sai-da-prisao\/217462","title":{"rendered":"Resumo \u201cPoliana Mo\u00e7a\u201d 21\/03: Roger sai da pris\u00e3o"},"content":{"rendered":"<p> <img loading=\"lazy\" decoding=\"async\" class=\"aligncenter size-full wp-image-217353\" src=\"https:\/\/www.redenoticia.com.br\/noticia\/imagens\/poliana_moca_elenco.jpg\" alt=\"\" width=\"1280\" height=\"720\" srcset=\"https:\/\/www.redenoticia.com.br\/noticia\/imagens\/poliana_moca_elenco.jpg 1280w, https:\/\/www.redenoticia.com.br\/noticia\/imagens\/poliana_moca_elenco-250x140.jpg 250w, https:\/\/www.redenoticia.com.br\/noticia\/imagens\/poliana_moca_elenco-400x225.jpg 400w, https:\/\/www.redenoticia.com.br\/noticia\/imagens\/poliana_moca_elenco-768x432.jpg 768w, https:\/\/www.redenoticia.com.br\/noticia\/imagens\/poliana_moca_elenco-150x84.jpg 150w\" sizes=\"auto, (max-width: 1280px) 100vw, 1280px\" \/><\/p>\n<p><strong><em>Resumo da novela \u201cPoliana Mo\u00e7a\u201d<\/em><\/strong> em 21\/03: no cap\u00edtulo 001(*) da novela, tr\u00eas anos depois de Poliana se libertar da cadeira de rodas, o pai da garota, Otto, a leva para conhecer a hist\u00f3ria da fam\u00edlia dele na cidade de S\u00e3o Bento do Sapuca\u00ed, onde Otto viveu a inf\u00e2ncia. Otto apresenta a propriedade de seu pai e a oficina, local em que foi talhado o primeiro brinquedo do av\u00f4 de Poli.<\/p>\n<p>Otto relembra os momentos com o pai e do dia que viu pela primeira vez o Pin\u00f3quio. Poliana quer juntar a fam\u00edlia D\u00b4\u00c1vila e Pendleton em um almo\u00e7o simples, em comemora\u00e7\u00e3o ao seu anivers\u00e1rio, antes da grande festa de debutante. Roger sai da pris\u00e3o e Waldisney e Violeta abordam o ex-detento na rua, e oferecem uma proposta para conseguir uma boa fortuna.<\/p>\n<p>Gleyce n\u00e3o mora mais na comunidade Jardim Bem-Te-Vi, mas presta servi\u00e7o social para o Clube do La\u00e7o Lil\u00e1s. Davi chega no local e se apresenta para Gleyce e Dona Branca. Cobra, chefe da comunidade n\u00e3o gosta do trabalho volunt\u00e1rio da institui\u00e7\u00e3o. Durval tenta ensinar Raquel a dirigir. Lu\u00edsa revela a Marcelo o resultado do exame de gravidez.<\/p>\n<p>Otto mostra para Poliana o Pin\u00f3quio, j\u00e1 robotizado, por\u00e9m desligado, que est\u00e1 no laborat\u00f3rio da resid\u00eancia. Jo\u00e3o admite que est\u00e1 com ci\u00fames de \u00c9ric e fala para Ruth que tem sentimentos fortes por Poliana. Pedro e Chloe causam confus\u00e3o ao tentar unir o clubinho Magabelo. Joana e S\u00e9rgio j\u00e1 d\u00e3o ind\u00edcios de impasses no casamento, e Luigi e Mario percebem.<\/p>\n<p>Waldisney e Violeta contam para Roger que querem construir androides e que ele precisa invadir a casa de Otto para conseguir mais informa\u00e7\u00f5es t\u00e9cnicas. Roger aparece no almo\u00e7o de anivers\u00e1rio de Poliana e ela comenta na mesa sobre o Pin\u00f3quio, explicando que o boneco foi prot\u00f3tipo de Ester. Jo\u00e3o entrega um presente para Poliana. Roger vai em busca do Pin\u00f3quio.<\/p>\n<p>(*) edi\u00e7\u00e3o das novelas do SBT, \u201cPoliana Mo\u00e7a\u201d, sujeito a altera\u00e7\u00e3o de data e conte\u00fado.<\/p>\n<p>Sinopse \u201cPoliana Mo\u00e7a\u201d: Poliana (Sophia Valverde), agora com 15 anos, precisa enfrentar os dilemas t\u00edpicos da adolesc\u00eancia, como os dramas escolares, os planos para o futuro e a descoberta do amor entre o ex-valent\u00e3o Eric (Lucas Burgatti) e seu melhor amigo Jo\u00e3o (Igor Jansen), encontrando em Helena (Lu\u00edsa Bresser) uma rival no cora\u00e7\u00e3o dos dois.<\/p>\n","protected":false},"excerpt":{"rendered":"<p>Resumo da novela \u201cPoliana Mo\u00e7a\u201d em 21\/03: no cap\u00edtulo 001(*) da novela, tr\u00eas anos depois de Poliana se libertar da cadeira de rodas, o pai da garota, Otto, a leva para conhecer a hist\u00f3ria da fam\u00edlia dele na cidade de S\u00e3o Bento do Sapuca\u00ed, onde Otto viveu a inf\u00e2ncia. Otto apresenta a propriedade de seu [&hellip;]<\/p>\n","protected":false},"author":2,"featured_media":217354,"comment_status":"closed","ping_status":"closed","sticky":false,"template":"","format":"standard","meta":{"_genesis_hide_title":false,"_genesis_hide_breadcrumbs":false,"_genesis_hide_singular_image":false,"_genesis_hide_footer_widgets":false,"_genesis_custom_body_class":"","_genesis_custom_post_class":"","_genesis_layout":"","_jetpack_memberships_contains_paid_content":false,"footnotes":""},"categories":[379,2259,2025,372,343],"tags":[441],"class_list":{"0":"post-217462","1":"post","2":"type-post","3":"status-publish","4":"format-standard","5":"has-post-thumbnail","7":"category-novelas","8":"category-poliana-moca","9":"category-resumo","10":"category-sbt","11":"category-televisao","12":"tag-resumo-do-dia","13":"entry","14":"gs-1","15":"gs-odd","16":"gs-even","17":"gs-featured-content-entry"},"jetpack_featured_media_url":"https:\/\/www.redenoticia.com.br\/noticia\/imagens\/poliana-moca_sbt_resumo_novela.jpg","jetpack_sharing_enabled":true,"jetpack_likes_enabled":true,"_links":{"self":[{"href":"https:\/\/www.redenoticia.com.br\/noticia\/wp-json\/wp\/v2\/posts\/217462","targetHints":{"allow":["GET"]}}],"collection":[{"href":"https:\/\/www.redenoticia.com.br\/noticia\/wp-json\/wp\/v2\/posts"}],"about":[{"href":"https:\/\/www.redenoticia.com.br\/noticia\/wp-json\/wp\/v2\/types\/post"}],"author":[{"embeddable":true,"href":"https:\/\/www.redenoticia.com.br\/noticia\/wp-json\/wp\/v2\/users\/2"}],"replies":[{"embeddable":true,"href":"https:\/\/www.redenoticia.com.br\/noticia\/wp-json\/wp\/v2\/comments?post=217462"}],"version-history":[{"count":0,"href":"https:\/\/www.redenoticia.com.br\/noticia\/wp-json\/wp\/v2\/posts\/217462\/revisions"}],"wp:featuredmedia":[{"embeddable":true,"href":"https:\/\/www.redenoticia.com.br\/noticia\/wp-json\/wp\/v2\/media\/217354"}],"wp:attachment":[{"href":"https:\/\/www.redenoticia.com.br\/noticia\/wp-json\/wp\/v2\/media?parent=217462"}],"wp:term":[{"taxonomy":"category","embeddable":true,"href":"https:\/\/www.redenoticia.com.br\/noticia\/wp-json\/wp\/v2\/categories?post=217462"},{"taxonomy":"post_tag","embeddable":true,"href":"https:\/\/www.redenoticia.com.br\/noticia\/wp-json\/wp\/v2\/tags?post=217462"}],"curies":[{"name":"wp","href":"https:\/\/api.w.org\/{rel}","templated":true}]}}