{"id":217403,"date":"2022-03-18T12:58:34","date_gmt":"2022-03-18T15:58:34","guid":{"rendered":"https:\/\/www.redenoticia.com.br\/noticia\/?p=217403"},"modified":"2022-03-18T12:58:34","modified_gmt":"2022-03-18T15:58:34","slug":"resumo-carinha-de-anjo-19-03-cecilia-e-gustavo-se-casam","status":"publish","type":"post","link":"https:\/\/www.redenoticia.com.br\/noticia\/2022\/resumo-carinha-de-anjo-19-03-cecilia-e-gustavo-se-casam\/217403","title":{"rendered":"Resumo \u201cCarinha De Anjo\u201d 19\/03: Cec\u00edlia e Gustavo se casam"},"content":{"rendered":"<p><img loading=\"lazy\" decoding=\"async\" class=\"aligncenter size-full wp-image-210452\" src=\"https:\/\/www.redenoticia.com.br\/noticia\/imagens\/carinha-de-anjo-novela-sbt-elenco-infantil.jpeg\" alt=\"\" width=\"1280\" height=\"720\" srcset=\"https:\/\/www.redenoticia.com.br\/noticia\/imagens\/carinha-de-anjo-novela-sbt-elenco-infantil.jpeg 1280w, https:\/\/www.redenoticia.com.br\/noticia\/imagens\/carinha-de-anjo-novela-sbt-elenco-infantil-250x140.jpeg 250w, https:\/\/www.redenoticia.com.br\/noticia\/imagens\/carinha-de-anjo-novela-sbt-elenco-infantil-400x225.jpeg 400w, https:\/\/www.redenoticia.com.br\/noticia\/imagens\/carinha-de-anjo-novela-sbt-elenco-infantil-768x432.jpeg 768w, https:\/\/www.redenoticia.com.br\/noticia\/imagens\/carinha-de-anjo-novela-sbt-elenco-infantil-150x85.jpeg 150w\" sizes=\"auto, (max-width: 1280px) 100vw, 1280px\" \/><\/p>\n<p><strong><em>Resumo da novela \u201cCarinha De Anjo\u201d<\/em><\/strong> em 19\/03: no cap\u00edtulo 141(*) da novela, os convidados come\u00e7am a chegar no col\u00e9gio para o casamento. Dulce abra\u00e7a Leonardo e diz que j\u00e1 estava com saudade do tio. O coral das novi\u00e7as canta durante a entrada dos padrinhos e madrinhas. Gustavo se emociona no altar. Cec\u00edlia entra com Dulce Maria.<\/p>\n<p>No altar montado no jardim do col\u00e9gio o casal faz os votos de amor antes do beijo de rec\u00e9m-casados. A festa come\u00e7a em seguida, no come\u00e7o da noite e o buffet serve o card\u00e1pio preparado por Vitor. Rose telefona para Vitor e diz que Paula est\u00e1 internada na UTI para dar seguimento ao tratamento. Paula pede para falar com Vitor pelo telefone e diz que precisa contar a verdade para ele a respeito de Cassandra, que \u00e9 filha dela com ele. A mulher antes de desligar diz que Cassandra n\u00e3o sabe quem \u00e9 o pai.<\/p>\n<p>Gustavo e Cec\u00edlia prop\u00f5em o brinde do casal durante a festa. A Madre Superiora tamb\u00e9m faz um discurso para o casal e diz para Cec\u00edlia que aprendeu muito sobre amor e f\u00e9 com ela. Juju grava um depoimento especial com os convidados do casamento para o casal.<\/p>\n<p>Vitor chama Gustavo de lado e diz ao amigo que Paula acaba de revelar por telefone que Cassandra \u00e9 sua filha. Cec\u00edlia joga o disputado buqu\u00ea da noiva. Enfim os noivos v\u00e3o embora sob chuva de arroz para a lua de mel que acontecer\u00e1 em Bariloche, na Argentina. Juju est\u00e1 com os pais na casa de In\u00e1cio ap\u00f3s a festa de casamento quando Bruna chega de surpresa ao local.<\/p>\n<p>(*) edi\u00e7\u00e3o das novelas do SBT, \u201cCarinha De Anjo\u201d, sujeito a altera\u00e7\u00e3o de data e conte\u00fado.<\/p>\n<p>Sinopse \u201cCarinha De Anjo\u201d: Dulce Maria \u00e9 uma menina doce, ing\u00eanua, inteligente e alegre de 5 anos de idade. \u00c9 brincalhona, aventureira e extremamente curiosa. Diverte a todos com seus coment\u00e1rios e perguntas indiscretas e surpreende com suas descobertas.<\/p>\n<p>Ela \u00e9 filha \u00fanica de Gustavo L\u00e1rios (Carlo Porto), bem-sucedido empres\u00e1rio da cafeicultura brasileira, e da mexicana Teresa Rezende L\u00e1rios (Lucero), m\u00e3e acolhedora de s\u00e1bios conselhos e voz ador\u00e1vel, que faleceu num acidente quando Dulce Maria tinha apenas 3 anos de idade. Traumatizado com a trag\u00e9dia, Gustavo deixou a filha no col\u00e9gio interno.<\/p>\n","protected":false},"excerpt":{"rendered":"<p>Resumo da novela \u201cCarinha De Anjo\u201d em 19\/03: no cap\u00edtulo 141(*) da novela, os convidados come\u00e7am a chegar no col\u00e9gio para o casamento. Dulce abra\u00e7a Leonardo e diz que j\u00e1 estava com saudade do tio. O coral das novi\u00e7as canta durante a entrada dos padrinhos e madrinhas. Gustavo se emociona no altar. Cec\u00edlia entra com [&hellip;]<\/p>\n","protected":false},"author":4,"featured_media":210453,"comment_status":"closed","ping_status":"closed","sticky":false,"template":"","format":"standard","meta":{"_genesis_hide_title":false,"_genesis_hide_breadcrumbs":false,"_genesis_hide_singular_image":false,"_genesis_hide_footer_widgets":false,"_genesis_custom_body_class":"","_genesis_custom_post_class":"","_genesis_layout":"","_jetpack_memberships_contains_paid_content":false,"footnotes":""},"categories":[452,379,2025,372,343],"tags":[441],"class_list":{"0":"post-217403","1":"post","2":"type-post","3":"status-publish","4":"format-standard","5":"has-post-thumbnail","7":"category-carinha-de-anjo","8":"category-novelas","9":"category-resumo","10":"category-sbt","11":"category-televisao","12":"tag-resumo-do-dia","13":"entry","14":"gs-1","15":"gs-odd","16":"gs-even","17":"gs-featured-content-entry"},"jetpack_featured_media_url":"https:\/\/www.redenoticia.com.br\/noticia\/imagens\/carinha-de-anjo-resumo-novela-sbt-elenco-infantil.jpeg","jetpack_sharing_enabled":true,"jetpack_likes_enabled":true,"_links":{"self":[{"href":"https:\/\/www.redenoticia.com.br\/noticia\/wp-json\/wp\/v2\/posts\/217403","targetHints":{"allow":["GET"]}}],"collection":[{"href":"https:\/\/www.redenoticia.com.br\/noticia\/wp-json\/wp\/v2\/posts"}],"about":[{"href":"https:\/\/www.redenoticia.com.br\/noticia\/wp-json\/wp\/v2\/types\/post"}],"author":[{"embeddable":true,"href":"https:\/\/www.redenoticia.com.br\/noticia\/wp-json\/wp\/v2\/users\/4"}],"replies":[{"embeddable":true,"href":"https:\/\/www.redenoticia.com.br\/noticia\/wp-json\/wp\/v2\/comments?post=217403"}],"version-history":[{"count":0,"href":"https:\/\/www.redenoticia.com.br\/noticia\/wp-json\/wp\/v2\/posts\/217403\/revisions"}],"wp:featuredmedia":[{"embeddable":true,"href":"https:\/\/www.redenoticia.com.br\/noticia\/wp-json\/wp\/v2\/media\/210453"}],"wp:attachment":[{"href":"https:\/\/www.redenoticia.com.br\/noticia\/wp-json\/wp\/v2\/media?parent=217403"}],"wp:term":[{"taxonomy":"category","embeddable":true,"href":"https:\/\/www.redenoticia.com.br\/noticia\/wp-json\/wp\/v2\/categories?post=217403"},{"taxonomy":"post_tag","embeddable":true,"href":"https:\/\/www.redenoticia.com.br\/noticia\/wp-json\/wp\/v2\/tags?post=217403"}],"curies":[{"name":"wp","href":"https:\/\/api.w.org\/{rel}","templated":true}]}}