{"id":217269,"date":"2022-03-15T13:16:51","date_gmt":"2022-03-15T16:16:51","guid":{"rendered":"https:\/\/www.redenoticia.com.br\/noticia\/?p=217269"},"modified":"2022-03-15T13:16:51","modified_gmt":"2022-03-15T16:16:51","slug":"resumo-carinha-de-anjo-16-03-estefania-leva-cecilia-para-escolher-o-vestido-de-noiva","status":"publish","type":"post","link":"https:\/\/www.redenoticia.com.br\/noticia\/2022\/resumo-carinha-de-anjo-16-03-estefania-leva-cecilia-para-escolher-o-vestido-de-noiva\/217269","title":{"rendered":"Resumo \u201cCarinha De Anjo\u201d 16\/03: Estef\u00e2nia leva Cec\u00edlia para escolher o vestido de noiva"},"content":{"rendered":"<p><img loading=\"lazy\" decoding=\"async\" class=\"aligncenter size-full wp-image-210452\" src=\"https:\/\/www.redenoticia.com.br\/noticia\/imagens\/carinha-de-anjo-novela-sbt-elenco-infantil.jpeg\" alt=\"\" width=\"1280\" height=\"720\" srcset=\"https:\/\/www.redenoticia.com.br\/noticia\/imagens\/carinha-de-anjo-novela-sbt-elenco-infantil.jpeg 1280w, https:\/\/www.redenoticia.com.br\/noticia\/imagens\/carinha-de-anjo-novela-sbt-elenco-infantil-250x140.jpeg 250w, https:\/\/www.redenoticia.com.br\/noticia\/imagens\/carinha-de-anjo-novela-sbt-elenco-infantil-400x225.jpeg 400w, https:\/\/www.redenoticia.com.br\/noticia\/imagens\/carinha-de-anjo-novela-sbt-elenco-infantil-768x432.jpeg 768w, https:\/\/www.redenoticia.com.br\/noticia\/imagens\/carinha-de-anjo-novela-sbt-elenco-infantil-150x85.jpeg 150w\" sizes=\"auto, (max-width: 1280px) 100vw, 1280px\" \/><\/p>\n<p><strong><em>Resumo da novela \u201cCarinha De Anjo\u201d<\/em><\/strong> em 16\/03: no cap\u00edtulo 138(*) da novela, Miguel e Dulce Maria brigam por besteira e o menino diz que a garota \u00e9 mandona e a partir de agora n\u00e3o s\u00e3o mais amigos. Gustavo diz para Vitor n\u00e3o contar para Estef\u00e2nia sobre estar desconfiado de ser pai, pois se Paula disse que n\u00e3o \u00e9, n\u00e3o tem motivo para tratar da tem\u00e1tica. Estef\u00e2nia vai com Cec\u00edlia para que a professora escolha o vestido de noiva.<\/p>\n<p>Fl\u00e1vio compra um pijama para a m\u00e3e com cal\u00e7a sobrando com objetivo dela cair. Silvestre presenteia Franciely com um celular novo. Haydee anda com o pijama que ganhou e diz que \u00e9 bonito, mas que ir\u00e1 doar para os pobres. A mulher anda pela sala e n\u00e3o escorrega nas cascas de banana espalhadas pelo filho. Fl\u00e1vio acaba escorregando na pr\u00f3pria armadilha. Gustavo pede para Dulce Maria se pode passar a lua de mel com Cec\u00edlia em Bariloche, na Argentina.<\/p>\n<p>Dulce diz que sim e Cec\u00edlia fica feliz com a surpresa. Juju conta para a m\u00e3e e para Peixoto que seu pai est\u00e1 em Doce Horizonte. Silvestre mostra para os L\u00e1rios a pintura que fez de Gustavo e Cec\u00edlia. Peixoto diz para Em\u00edlio que tem uma ideia para que ele fa\u00e7a as pazes com Dulce Maria.<\/p>\n<p>(*) edi\u00e7\u00e3o das novelas do SBT, \u201cCarinha De Anjo\u201d, sujeito a altera\u00e7\u00e3o de data e conte\u00fado.<\/p>\n<p>Sinopse \u201cCarinha De Anjo\u201d: Dulce Maria \u00e9 uma menina doce, ing\u00eanua, inteligente e alegre de 5 anos de idade. \u00c9 brincalhona, aventureira e extremamente curiosa. Diverte a todos com seus coment\u00e1rios e perguntas indiscretas e surpreende com suas descobertas.<\/p>\n<p>Ela \u00e9 filha \u00fanica de Gustavo L\u00e1rios (Carlo Porto), bem-sucedido empres\u00e1rio da cafeicultura brasileira, e da mexicana Teresa Rezende L\u00e1rios (Lucero), m\u00e3e acolhedora de s\u00e1bios conselhos e voz ador\u00e1vel, que faleceu num acidente quando Dulce Maria tinha apenas 3 anos de idade. Traumatizado com a trag\u00e9dia, Gustavo deixou a filha no col\u00e9gio interno.<\/p>\n","protected":false},"excerpt":{"rendered":"<p>Resumo da novela \u201cCarinha De Anjo\u201d em 16\/03: no cap\u00edtulo 138(*) da novela, Miguel e Dulce Maria brigam por besteira e o menino diz que a garota \u00e9 mandona e a partir de agora n\u00e3o s\u00e3o mais amigos. Gustavo diz para Vitor n\u00e3o contar para Estef\u00e2nia sobre estar desconfiado de ser pai, pois se Paula [&hellip;]<\/p>\n","protected":false},"author":4,"featured_media":210453,"comment_status":"closed","ping_status":"closed","sticky":false,"template":"","format":"standard","meta":{"_genesis_hide_title":false,"_genesis_hide_breadcrumbs":false,"_genesis_hide_singular_image":false,"_genesis_hide_footer_widgets":false,"_genesis_custom_body_class":"","_genesis_custom_post_class":"","_genesis_layout":"","_jetpack_memberships_contains_paid_content":false,"footnotes":""},"categories":[452,379,2025,372,343],"tags":[441],"class_list":{"0":"post-217269","1":"post","2":"type-post","3":"status-publish","4":"format-standard","5":"has-post-thumbnail","7":"category-carinha-de-anjo","8":"category-novelas","9":"category-resumo","10":"category-sbt","11":"category-televisao","12":"tag-resumo-do-dia","13":"entry","14":"gs-1","15":"gs-odd","16":"gs-even","17":"gs-featured-content-entry"},"jetpack_featured_media_url":"https:\/\/www.redenoticia.com.br\/noticia\/imagens\/carinha-de-anjo-resumo-novela-sbt-elenco-infantil.jpeg","jetpack_sharing_enabled":true,"jetpack_likes_enabled":true,"_links":{"self":[{"href":"https:\/\/www.redenoticia.com.br\/noticia\/wp-json\/wp\/v2\/posts\/217269","targetHints":{"allow":["GET"]}}],"collection":[{"href":"https:\/\/www.redenoticia.com.br\/noticia\/wp-json\/wp\/v2\/posts"}],"about":[{"href":"https:\/\/www.redenoticia.com.br\/noticia\/wp-json\/wp\/v2\/types\/post"}],"author":[{"embeddable":true,"href":"https:\/\/www.redenoticia.com.br\/noticia\/wp-json\/wp\/v2\/users\/4"}],"replies":[{"embeddable":true,"href":"https:\/\/www.redenoticia.com.br\/noticia\/wp-json\/wp\/v2\/comments?post=217269"}],"version-history":[{"count":0,"href":"https:\/\/www.redenoticia.com.br\/noticia\/wp-json\/wp\/v2\/posts\/217269\/revisions"}],"wp:featuredmedia":[{"embeddable":true,"href":"https:\/\/www.redenoticia.com.br\/noticia\/wp-json\/wp\/v2\/media\/210453"}],"wp:attachment":[{"href":"https:\/\/www.redenoticia.com.br\/noticia\/wp-json\/wp\/v2\/media?parent=217269"}],"wp:term":[{"taxonomy":"category","embeddable":true,"href":"https:\/\/www.redenoticia.com.br\/noticia\/wp-json\/wp\/v2\/categories?post=217269"},{"taxonomy":"post_tag","embeddable":true,"href":"https:\/\/www.redenoticia.com.br\/noticia\/wp-json\/wp\/v2\/tags?post=217269"}],"curies":[{"name":"wp","href":"https:\/\/api.w.org\/{rel}","templated":true}]}}