{"id":217224,"date":"2022-03-14T16:38:35","date_gmt":"2022-03-14T19:38:35","guid":{"rendered":"https:\/\/www.redenoticia.com.br\/noticia\/?p=217224"},"modified":"2022-03-14T16:38:35","modified_gmt":"2022-03-14T19:38:35","slug":"resumo-carinha-de-anjo-15-03-flavio-descobre-que-leonardo-quer-se-livrar-de-cristovao","status":"publish","type":"post","link":"https:\/\/www.redenoticia.com.br\/noticia\/2022\/resumo-carinha-de-anjo-15-03-flavio-descobre-que-leonardo-quer-se-livrar-de-cristovao\/217224","title":{"rendered":"Resumo \u201cCarinha De Anjo\u201d 15\/03: Fl\u00e1vio descobre que Leonardo quer se livrar de Crist\u00f3v\u00e3o"},"content":{"rendered":"<p><img loading=\"lazy\" decoding=\"async\" class=\"aligncenter size-full wp-image-210452\" src=\"https:\/\/www.redenoticia.com.br\/noticia\/imagens\/carinha-de-anjo-novela-sbt-elenco-infantil.jpeg\" alt=\"\" width=\"1280\" height=\"720\" srcset=\"https:\/\/www.redenoticia.com.br\/noticia\/imagens\/carinha-de-anjo-novela-sbt-elenco-infantil.jpeg 1280w, https:\/\/www.redenoticia.com.br\/noticia\/imagens\/carinha-de-anjo-novela-sbt-elenco-infantil-250x140.jpeg 250w, https:\/\/www.redenoticia.com.br\/noticia\/imagens\/carinha-de-anjo-novela-sbt-elenco-infantil-400x225.jpeg 400w, https:\/\/www.redenoticia.com.br\/noticia\/imagens\/carinha-de-anjo-novela-sbt-elenco-infantil-768x432.jpeg 768w, https:\/\/www.redenoticia.com.br\/noticia\/imagens\/carinha-de-anjo-novela-sbt-elenco-infantil-150x85.jpeg 150w\" sizes=\"auto, (max-width: 1280px) 100vw, 1280px\" \/><\/p>\n<p><strong><em>Resumo da novela \u201cCarinha De Anjo\u201d<\/em><\/strong> em 15\/03: no cap\u00edtulo 137(*) da novela, Paula diz para a amiga que est\u00e1 abalada com sua doen\u00e7a e que as chances de se curar atrav\u00e9s de seu transplante s\u00e3o m\u00ednimas, por isso acha que ir\u00e1 falecer. Paula fala que est\u00e1 feliz de ter visto sua filha crescer e chegar aos 16 anos, mas que at\u00e9 hoje n\u00e3o revelou para Vitor que ele \u00e9 o pai de Cassandra.<\/p>\n<p>As duas ir\u00e3o jantar na casa do chef a convite de Estef\u00e2nia. Os pais de Frida v\u00e3o at\u00e9 o col\u00e9gio e com ajuda de Madre Superiora revelam para a garota que v\u00e3o se separar. P\u00e1scoal e Antonieta conversam no apartamento de Gustavo. Os dois t\u00eam uma conversa franca e aberta aos sentimentos uns dos outros. A Madre Superiora conforta Frida, que chora ap\u00f3s a not\u00edcia dada pelos pais.<\/p>\n<p>Antonieta vai embora sem prometer voltar e P\u00e1scoal chora. A imprensa chega na empresa e a secret\u00e1ria diz em off aos jornalistas para perguntarem na coletiva sobre a influ\u00eancia de Leonardo L\u00e1rios para relan\u00e7ar o novo caf\u00e9. Gustavo, Estef\u00e2nia e Padre Gabriel n\u00e3o entendem como a imprensa sabe de Leonardo. Crist\u00f3v\u00e3o chama Silvana para uma reuni\u00e3o com ela e diz que a secret\u00e1ria n\u00e3o pode fazer o que fez e aconselha ela a tomar cuidado com Leonardo, pois n\u00e3o conhece o passado do homem. Leonardo diz para Fl\u00e1vio que quer se livrar de Crist\u00f3v\u00e3o. Fl\u00e1vio explica que qualquer dinheiro para o plano \u00e9 de sua m\u00e3e e Leonardo insinua que acidentes acontecem.<\/p>\n<p>(*) edi\u00e7\u00e3o das novelas do SBT, \u201cCarinha De Anjo\u201d, sujeito a altera\u00e7\u00e3o de data e conte\u00fado.<\/p>\n<p>Sinopse \u201cCarinha De Anjo\u201d: Dulce Maria \u00e9 uma menina doce, ing\u00eanua, inteligente e alegre de 5 anos de idade. \u00c9 brincalhona, aventureira e extremamente curiosa. Diverte a todos com seus coment\u00e1rios e perguntas indiscretas e surpreende com suas descobertas.<\/p>\n<p>Ela \u00e9 filha \u00fanica de Gustavo L\u00e1rios (Carlo Porto), bem-sucedido empres\u00e1rio da cafeicultura brasileira, e da mexicana Teresa Rezende L\u00e1rios (Lucero), m\u00e3e acolhedora de s\u00e1bios conselhos e voz ador\u00e1vel, que faleceu num acidente quando Dulce Maria tinha apenas 3 anos de idade. Traumatizado com a trag\u00e9dia, Gustavo deixou a filha no col\u00e9gio interno.<\/p>\n","protected":false},"excerpt":{"rendered":"<p>Resumo da novela \u201cCarinha De Anjo\u201d em 15\/03: no cap\u00edtulo 137(*) da novela, Paula diz para a amiga que est\u00e1 abalada com sua doen\u00e7a e que as chances de se curar atrav\u00e9s de seu transplante s\u00e3o m\u00ednimas, por isso acha que ir\u00e1 falecer. Paula fala que est\u00e1 feliz de ter visto sua filha crescer e [&hellip;]<\/p>\n","protected":false},"author":4,"featured_media":210453,"comment_status":"closed","ping_status":"closed","sticky":false,"template":"","format":"standard","meta":{"_genesis_hide_title":false,"_genesis_hide_breadcrumbs":false,"_genesis_hide_singular_image":false,"_genesis_hide_footer_widgets":false,"_genesis_custom_body_class":"","_genesis_custom_post_class":"","_genesis_layout":"","_jetpack_memberships_contains_paid_content":false,"footnotes":""},"categories":[452,379,2025,372,343],"tags":[441],"class_list":{"0":"post-217224","1":"post","2":"type-post","3":"status-publish","4":"format-standard","5":"has-post-thumbnail","7":"category-carinha-de-anjo","8":"category-novelas","9":"category-resumo","10":"category-sbt","11":"category-televisao","12":"tag-resumo-do-dia","13":"entry","14":"gs-1","15":"gs-odd","16":"gs-even","17":"gs-featured-content-entry"},"jetpack_featured_media_url":"https:\/\/www.redenoticia.com.br\/noticia\/imagens\/carinha-de-anjo-resumo-novela-sbt-elenco-infantil.jpeg","jetpack_sharing_enabled":true,"jetpack_likes_enabled":true,"_links":{"self":[{"href":"https:\/\/www.redenoticia.com.br\/noticia\/wp-json\/wp\/v2\/posts\/217224","targetHints":{"allow":["GET"]}}],"collection":[{"href":"https:\/\/www.redenoticia.com.br\/noticia\/wp-json\/wp\/v2\/posts"}],"about":[{"href":"https:\/\/www.redenoticia.com.br\/noticia\/wp-json\/wp\/v2\/types\/post"}],"author":[{"embeddable":true,"href":"https:\/\/www.redenoticia.com.br\/noticia\/wp-json\/wp\/v2\/users\/4"}],"replies":[{"embeddable":true,"href":"https:\/\/www.redenoticia.com.br\/noticia\/wp-json\/wp\/v2\/comments?post=217224"}],"version-history":[{"count":0,"href":"https:\/\/www.redenoticia.com.br\/noticia\/wp-json\/wp\/v2\/posts\/217224\/revisions"}],"wp:featuredmedia":[{"embeddable":true,"href":"https:\/\/www.redenoticia.com.br\/noticia\/wp-json\/wp\/v2\/media\/210453"}],"wp:attachment":[{"href":"https:\/\/www.redenoticia.com.br\/noticia\/wp-json\/wp\/v2\/media?parent=217224"}],"wp:term":[{"taxonomy":"category","embeddable":true,"href":"https:\/\/www.redenoticia.com.br\/noticia\/wp-json\/wp\/v2\/categories?post=217224"},{"taxonomy":"post_tag","embeddable":true,"href":"https:\/\/www.redenoticia.com.br\/noticia\/wp-json\/wp\/v2\/tags?post=217224"}],"curies":[{"name":"wp","href":"https:\/\/api.w.org\/{rel}","templated":true}]}}