{"id":217219,"date":"2022-03-14T16:33:33","date_gmt":"2022-03-14T19:33:33","guid":{"rendered":"https:\/\/www.redenoticia.com.br\/noticia\/?p=217219"},"modified":"2022-03-14T16:33:33","modified_gmt":"2022-03-14T19:33:33","slug":"resumo-amanha-e-para-sempre-15-03-anibal-acusa-flor-de-traicao-e-a-demite","status":"publish","type":"post","link":"https:\/\/www.redenoticia.com.br\/noticia\/2022\/resumo-amanha-e-para-sempre-15-03-anibal-acusa-flor-de-traicao-e-a-demite\/217219","title":{"rendered":"Resumo \u201cAmanh\u00e3 \u00e9 para sempre\u201d 15\/03: An\u00edbal acusa Flor de trai\u00e7\u00e3o e a demite"},"content":{"rendered":"<p><img loading=\"lazy\" decoding=\"async\" class=\"aligncenter size-full wp-image-212995\" src=\"https:\/\/www.redenoticia.com.br\/noticia\/imagens\/amanha-e-para-sempre.jpeg\" alt=\"\" width=\"1280\" height=\"720\" srcset=\"https:\/\/www.redenoticia.com.br\/noticia\/imagens\/amanha-e-para-sempre.jpeg 1280w, https:\/\/www.redenoticia.com.br\/noticia\/imagens\/amanha-e-para-sempre-250x140.jpeg 250w, https:\/\/www.redenoticia.com.br\/noticia\/imagens\/amanha-e-para-sempre-400x225.jpeg 400w, https:\/\/www.redenoticia.com.br\/noticia\/imagens\/amanha-e-para-sempre-768x432.jpeg 768w, https:\/\/www.redenoticia.com.br\/noticia\/imagens\/amanha-e-para-sempre-150x85.jpeg 150w\" sizes=\"auto, (max-width: 1280px) 100vw, 1280px\" \/><\/p>\n<p><strong><em>Resumo da novela \u201cAmanh\u00e3 \u00e9 para sempre\u201d<\/em><\/strong> em 15\/03: no cap\u00edtulo 077(*) da novela, Fernanda confessa a Eduardo que duvida de tudo e pede sua ajuda para descobrir se B\u00e1rbara escondeu o dinheiro que supostamente Vladimir roubou. B\u00e1rbara maltrata Liliana. Aurora aceita voltar com Santiago, mas pede que mantenham as mentiras sobre sua origem.<\/p>\n<p>Fernanda diz a Eduardo que tem a obriga\u00e7\u00e3o de descobrir se seu marido est\u00e1 dizendo a verdade ou n\u00e3o. Adriano chantageia Priscila e deixa claro que, caso o delate, contar\u00e1 a todos que Vladimir \u00e9 o pai do filho que est\u00e1 esperando. Fernanda pergunta a Franco se ele est\u00e1 disposto a ajud\u00e1-la a descobrir a verdade.<\/p>\n<p>Impressionado como a semelhan\u00e7a de Art\u00eamio com seu pai, Santiago aparece disfar\u00e7ado diante dele e comunica que Dominga e sua sobrinha morreram em um acidente. Art\u00eamio fica muito abalado ao saber da morte de Aurora. Franco diz para Fernanda que \u00e9 necess\u00e1rio que tirem Liliana da cl\u00ednica, porque ela conhece o inimigo e sua vida corre perigo. Adriano prop\u00f5e a Priscila que se ajudem mutuamente. An\u00edbal acusa Flor de trai\u00e7\u00e3o e a demite.<\/p>\n<p>(*) edi\u00e7\u00e3o das novelas do SBT, \u201cAmanh\u00e3 \u00e9 para sempre\u201d, sujeito a altera\u00e7\u00e3o de data e conte\u00fado.<\/p>\n<p>Sinopse \u201cAmanh\u00e3 \u00e9 para sempre\u201d: Fernanda \u00e9 a filha ca\u00e7ula do fazendeiro Gon\u00e7alo Elizalde, dono de uma grande companhia leiteira, e Eduardo \u00e9 filho de Soledade, a governanta da fam\u00edlia Elizalde. As duas crian\u00e7as t\u00eam crescido juntas e unidas por um amor inocente e justo, apesar da diferen\u00e7a de classes sociais.<\/p>\n<p>Gon\u00e7alo vive feliz com sua esposa Montserrat e seus cinco filhos, sem suspeitar que um inimigo implac\u00e1vel acerca aos seus. Art\u00eamio Bravo sente um \u00f3dio intenso e amargo de Gon\u00e7alo, que tem corro\u00eddo sua mente e, sua \u00fanica meta \u00e9 destruir, lenta e dolorosamente, toda a fam\u00edlia Elizalde.<\/p>\n","protected":false},"excerpt":{"rendered":"<p>Resumo da novela \u201cAmanh\u00e3 \u00e9 para sempre\u201d em 15\/03: no cap\u00edtulo 077(*) da novela, Fernanda confessa a Eduardo que duvida de tudo e pede sua ajuda para descobrir se B\u00e1rbara escondeu o dinheiro que supostamente Vladimir roubou. B\u00e1rbara maltrata Liliana. Aurora aceita voltar com Santiago, mas pede que mantenham as mentiras sobre sua origem. Fernanda [&hellip;]<\/p>\n","protected":false},"author":4,"featured_media":212996,"comment_status":"closed","ping_status":"closed","sticky":false,"template":"","format":"standard","meta":{"_genesis_hide_title":false,"_genesis_hide_breadcrumbs":false,"_genesis_hide_singular_image":false,"_genesis_hide_footer_widgets":false,"_genesis_custom_body_class":"","_genesis_custom_post_class":"","_genesis_layout":"","_jetpack_memberships_contains_paid_content":false,"footnotes":""},"categories":[2228,379,2025,372,343],"tags":[441],"class_list":{"0":"post-217219","1":"post","2":"type-post","3":"status-publish","4":"format-standard","5":"has-post-thumbnail","7":"category-amanha-e-para-sempre","8":"category-novelas","9":"category-resumo","10":"category-sbt","11":"category-televisao","12":"tag-resumo-do-dia","13":"entry","14":"gs-1","15":"gs-odd","16":"gs-even","17":"gs-featured-content-entry"},"jetpack_featured_media_url":"https:\/\/www.redenoticia.com.br\/noticia\/imagens\/amanha-e-para-sempre-sbt-resumo-sinopse-logo.jpeg","jetpack_sharing_enabled":true,"jetpack_likes_enabled":true,"_links":{"self":[{"href":"https:\/\/www.redenoticia.com.br\/noticia\/wp-json\/wp\/v2\/posts\/217219","targetHints":{"allow":["GET"]}}],"collection":[{"href":"https:\/\/www.redenoticia.com.br\/noticia\/wp-json\/wp\/v2\/posts"}],"about":[{"href":"https:\/\/www.redenoticia.com.br\/noticia\/wp-json\/wp\/v2\/types\/post"}],"author":[{"embeddable":true,"href":"https:\/\/www.redenoticia.com.br\/noticia\/wp-json\/wp\/v2\/users\/4"}],"replies":[{"embeddable":true,"href":"https:\/\/www.redenoticia.com.br\/noticia\/wp-json\/wp\/v2\/comments?post=217219"}],"version-history":[{"count":0,"href":"https:\/\/www.redenoticia.com.br\/noticia\/wp-json\/wp\/v2\/posts\/217219\/revisions"}],"wp:featuredmedia":[{"embeddable":true,"href":"https:\/\/www.redenoticia.com.br\/noticia\/wp-json\/wp\/v2\/media\/212996"}],"wp:attachment":[{"href":"https:\/\/www.redenoticia.com.br\/noticia\/wp-json\/wp\/v2\/media?parent=217219"}],"wp:term":[{"taxonomy":"category","embeddable":true,"href":"https:\/\/www.redenoticia.com.br\/noticia\/wp-json\/wp\/v2\/categories?post=217219"},{"taxonomy":"post_tag","embeddable":true,"href":"https:\/\/www.redenoticia.com.br\/noticia\/wp-json\/wp\/v2\/tags?post=217219"}],"curies":[{"name":"wp","href":"https:\/\/api.w.org\/{rel}","templated":true}]}}