{"id":217150,"date":"2022-03-11T15:54:26","date_gmt":"2022-03-11T18:54:26","guid":{"rendered":"https:\/\/www.redenoticia.com.br\/noticia\/?p=217150"},"modified":"2022-03-11T15:54:26","modified_gmt":"2022-03-11T18:54:26","slug":"resumo-carinha-de-anjo-12-03-dr-andre-descobre-que-antonieta-esta-doente","status":"publish","type":"post","link":"https:\/\/www.redenoticia.com.br\/noticia\/2022\/resumo-carinha-de-anjo-12-03-dr-andre-descobre-que-antonieta-esta-doente\/217150","title":{"rendered":"Resumo \u201cCarinha De Anjo\u201d 12\/03: Dr. Andr\u00e9 descobre que Antonieta est\u00e1 doente"},"content":{"rendered":"<p><img loading=\"lazy\" decoding=\"async\" class=\"aligncenter size-full wp-image-210452\" src=\"https:\/\/www.redenoticia.com.br\/noticia\/imagens\/carinha-de-anjo-novela-sbt-elenco-infantil.jpeg\" alt=\"\" width=\"1280\" height=\"720\" srcset=\"https:\/\/www.redenoticia.com.br\/noticia\/imagens\/carinha-de-anjo-novela-sbt-elenco-infantil.jpeg 1280w, https:\/\/www.redenoticia.com.br\/noticia\/imagens\/carinha-de-anjo-novela-sbt-elenco-infantil-250x140.jpeg 250w, https:\/\/www.redenoticia.com.br\/noticia\/imagens\/carinha-de-anjo-novela-sbt-elenco-infantil-400x225.jpeg 400w, https:\/\/www.redenoticia.com.br\/noticia\/imagens\/carinha-de-anjo-novela-sbt-elenco-infantil-768x432.jpeg 768w, https:\/\/www.redenoticia.com.br\/noticia\/imagens\/carinha-de-anjo-novela-sbt-elenco-infantil-150x85.jpeg 150w\" sizes=\"auto, (max-width: 1280px) 100vw, 1280px\" \/><\/p>\n<p><strong><em>Resumo da novela \u201cCarinha De Anjo\u201d<\/em><\/strong> em 12\/03: no cap\u00edtulo 135(*) da novela, Paula janta com uma amiga, Rose, em um restaurante e v\u00ea Vitor com Estef\u00e2nia. Paula conversa com eles e diz que era amiga de Vitor na \u00e9poca da faculdade. Leonardo fica irritado que Gustavo vai embora para levar Cec\u00edlia para casa e n\u00e3o escuta sua proposta, passando a responsabilidade para Crist\u00f3v\u00e3o. O advogado diz que as ideias dele s\u00e3o boas para quem n\u00e3o \u00e9 formado na \u00e1rea, mas que o que ele prop\u00f4s j\u00e1 est\u00e1 sendo executado pela equipe de comunica\u00e7\u00e3o da Rey Caf\u00e9.<\/p>\n<p>Antonieta desmaia mais uma vez e \u00e9 levada para o hospital onde passa por exames do doutor Andr\u00e9. F\u00e1tima pede para Dulce Maria entregar um presente para Lulu em seu nome, que \u00e9 uma boneca com cara de vov\u00f3. Andr\u00e9 diz para Antonieta que \u00e9 poss\u00edvel aumentar a expectativa de vida dela, mas a mulher diz que n\u00e3o quer tomar medicamentos e prefere decidir como quer viver seus \u00faltimos dias. Vitor comenta com Solange que encontrou Paula na viagem que fez em S\u00e3o Paulo e revela que ela foi uma ex-namorada da juventude.<\/p>\n<p>Solange pergunta se Estef\u00e2nia sabe disso e o chef diz que n\u00e3o e que prefere n\u00e3o falar nada, pois foi um namoro sem import\u00e2ncia e a mulher parece ter ficado feliz que ele se casou. A Madre Superiora pede ajuda para que Fabiana e Didi lhe ajudem no suporte a Lulu sobre a not\u00edcia da morte de sua av\u00f3. Frida descobre que sua m\u00e3e vai enviar o irm\u00e3o, Luciano, para um internato em Minas Gerais.<\/p>\n<p>Madre conta para Lulu sobre sua av\u00f3. Miguel, Z\u00e9 Felipe e Em\u00edlio querem montar um plano para que Bruna desista de namorar Zeca. Dulce Maria conforta Juju. Luciano descobre que os pais v\u00e3o se separar e que ele vai com o pai para Minas Gerais, por\u00e9m vai ficar estudando em um col\u00e9gio interno. Uma equipe de constru\u00e7\u00e3o tenta entrar no col\u00e9gio para come\u00e7ar a demolir parte da fazenda para fazer um centro agropecu\u00e1rio. Fabiana tenta impedir, n\u00e3o abre o port\u00e3o e pede ajuda para as demais irm\u00e3s.<\/p>\n<p>(*) edi\u00e7\u00e3o das novelas do SBT, \u201cCarinha De Anjo\u201d, sujeito a altera\u00e7\u00e3o de data e conte\u00fado.<\/p>\n<p>Sinopse \u201cCarinha De Anjo\u201d: Dulce Maria \u00e9 uma menina doce, ing\u00eanua, inteligente e alegre de 5 anos de idade. \u00c9 brincalhona, aventureira e extremamente curiosa. Diverte a todos com seus coment\u00e1rios e perguntas indiscretas e surpreende com suas descobertas.<\/p>\n<p>Ela \u00e9 filha \u00fanica de Gustavo L\u00e1rios (Carlo Porto), bem-sucedido empres\u00e1rio da cafeicultura brasileira, e da mexicana Teresa Rezende L\u00e1rios (Lucero), m\u00e3e acolhedora de s\u00e1bios conselhos e voz ador\u00e1vel, que faleceu num acidente quando Dulce Maria tinha apenas 3 anos de idade. Traumatizado com a trag\u00e9dia, Gustavo deixou a filha no col\u00e9gio interno.<\/p>\n","protected":false},"excerpt":{"rendered":"<p>Resumo da novela \u201cCarinha De Anjo\u201d em 12\/03: no cap\u00edtulo 135(*) da novela, Paula janta com uma amiga, Rose, em um restaurante e v\u00ea Vitor com Estef\u00e2nia. Paula conversa com eles e diz que era amiga de Vitor na \u00e9poca da faculdade. Leonardo fica irritado que Gustavo vai embora para levar Cec\u00edlia para casa e [&hellip;]<\/p>\n","protected":false},"author":4,"featured_media":210453,"comment_status":"closed","ping_status":"closed","sticky":false,"template":"","format":"standard","meta":{"_genesis_hide_title":false,"_genesis_hide_breadcrumbs":false,"_genesis_hide_singular_image":false,"_genesis_hide_footer_widgets":false,"_genesis_custom_body_class":"","_genesis_custom_post_class":"","_genesis_layout":"","_jetpack_memberships_contains_paid_content":false,"footnotes":""},"categories":[452,379,2025,372,343],"tags":[441],"class_list":{"0":"post-217150","1":"post","2":"type-post","3":"status-publish","4":"format-standard","5":"has-post-thumbnail","7":"category-carinha-de-anjo","8":"category-novelas","9":"category-resumo","10":"category-sbt","11":"category-televisao","12":"tag-resumo-do-dia","13":"entry","14":"gs-1","15":"gs-odd","16":"gs-even","17":"gs-featured-content-entry"},"jetpack_featured_media_url":"https:\/\/www.redenoticia.com.br\/noticia\/imagens\/carinha-de-anjo-resumo-novela-sbt-elenco-infantil.jpeg","jetpack_sharing_enabled":true,"jetpack_likes_enabled":true,"_links":{"self":[{"href":"https:\/\/www.redenoticia.com.br\/noticia\/wp-json\/wp\/v2\/posts\/217150","targetHints":{"allow":["GET"]}}],"collection":[{"href":"https:\/\/www.redenoticia.com.br\/noticia\/wp-json\/wp\/v2\/posts"}],"about":[{"href":"https:\/\/www.redenoticia.com.br\/noticia\/wp-json\/wp\/v2\/types\/post"}],"author":[{"embeddable":true,"href":"https:\/\/www.redenoticia.com.br\/noticia\/wp-json\/wp\/v2\/users\/4"}],"replies":[{"embeddable":true,"href":"https:\/\/www.redenoticia.com.br\/noticia\/wp-json\/wp\/v2\/comments?post=217150"}],"version-history":[{"count":0,"href":"https:\/\/www.redenoticia.com.br\/noticia\/wp-json\/wp\/v2\/posts\/217150\/revisions"}],"wp:featuredmedia":[{"embeddable":true,"href":"https:\/\/www.redenoticia.com.br\/noticia\/wp-json\/wp\/v2\/media\/210453"}],"wp:attachment":[{"href":"https:\/\/www.redenoticia.com.br\/noticia\/wp-json\/wp\/v2\/media?parent=217150"}],"wp:term":[{"taxonomy":"category","embeddable":true,"href":"https:\/\/www.redenoticia.com.br\/noticia\/wp-json\/wp\/v2\/categories?post=217150"},{"taxonomy":"post_tag","embeddable":true,"href":"https:\/\/www.redenoticia.com.br\/noticia\/wp-json\/wp\/v2\/tags?post=217150"}],"curies":[{"name":"wp","href":"https:\/\/api.w.org\/{rel}","templated":true}]}}