{"id":217069,"date":"2022-03-09T15:11:38","date_gmt":"2022-03-09T18:11:38","guid":{"rendered":"https:\/\/www.redenoticia.com.br\/noticia\/?p=217069"},"modified":"2022-03-09T15:11:38","modified_gmt":"2022-03-09T18:11:38","slug":"resumo-carinha-de-anjo-10-03-madre-superiora-informa-que-a-escola-sera-fechada","status":"publish","type":"post","link":"https:\/\/www.redenoticia.com.br\/noticia\/2022\/resumo-carinha-de-anjo-10-03-madre-superiora-informa-que-a-escola-sera-fechada\/217069","title":{"rendered":"Resumo \u201cCarinha De Anjo\u201d 10\/03: Madre Superiora informa que a escola ser\u00e1 fechada"},"content":{"rendered":"<p><img loading=\"lazy\" decoding=\"async\" class=\"aligncenter size-full wp-image-210452\" src=\"https:\/\/www.redenoticia.com.br\/noticia\/imagens\/carinha-de-anjo-novela-sbt-elenco-infantil.jpeg\" alt=\"\" width=\"1280\" height=\"720\" srcset=\"https:\/\/www.redenoticia.com.br\/noticia\/imagens\/carinha-de-anjo-novela-sbt-elenco-infantil.jpeg 1280w, https:\/\/www.redenoticia.com.br\/noticia\/imagens\/carinha-de-anjo-novela-sbt-elenco-infantil-250x140.jpeg 250w, https:\/\/www.redenoticia.com.br\/noticia\/imagens\/carinha-de-anjo-novela-sbt-elenco-infantil-400x225.jpeg 400w, https:\/\/www.redenoticia.com.br\/noticia\/imagens\/carinha-de-anjo-novela-sbt-elenco-infantil-768x432.jpeg 768w, https:\/\/www.redenoticia.com.br\/noticia\/imagens\/carinha-de-anjo-novela-sbt-elenco-infantil-150x85.jpeg 150w\" sizes=\"auto, (max-width: 1280px) 100vw, 1280px\" \/><\/p>\n<p><strong><em>Resumo da novela \u201cCarinha De Anjo\u201d<\/em><\/strong> em 10\/03: no cap\u00edtulo 103(*) da novela, Madre Superiora avisa as alunas e irm\u00e3s que a dona do terreno aonde est\u00e1 o col\u00e9gio decidiu vender a fazenda ap\u00f3s o t\u00e9rmino do contrato de aluguel, com isso a escola ser\u00e1 fechada. Na casa de In\u00e1cio todos se re\u00fanem para assistir pela primeira vez na TV o clipe de Miguel e Zeca.<\/p>\n<p>Haydee vai at\u00e9 o apartamento de Rosana para jogar v\u00e1rias notas de cem reais pela sala e dizer que quer pagar o que seu antigo marido devia para a m\u00e3e de Juju e assim dar por encerrado esse assunto. Rosana diz para os filhos que se o dinheiro for de verdade ir\u00e1 doar para o orfanato onde Em\u00edlio morava antes de ser adotado por ela. Leonardo mostra para Silvana um planejamento que fez para a empresa superar a crise.<\/p>\n<p>Silvana conversa com Gustavo e diz que Leonardo tem um planejamento e que talvez fosse bom para a Rey Caf\u00e9. Antonieta volta para a fazenda para conversar com Pascoal e diz que por muitas vezes pensou como teria sido sua vida se tivessem ficado juntos. O jardineiro pede para que ela n\u00e3o venda a fazenda. Antonieta fica chateada por pensar que toda a conversa emotiva foi com segundas inten\u00e7\u00f5es. Franciely n\u00e3o pode ir \u00e0 consulta com a cartomante, que na verdade \u00e9 Silvestre disfar\u00e7ado com objetivo de conquist\u00e1-la, e pede para que Estef\u00e2nia v\u00e1 em seu lugar.<\/p>\n<p>(*) edi\u00e7\u00e3o das novelas do SBT, \u201cCarinha De Anjo\u201d, sujeito a altera\u00e7\u00e3o de data e conte\u00fado.<\/p>\n<p>Sinopse \u201cCarinha De Anjo\u201d: Dulce Maria \u00e9 uma menina doce, ing\u00eanua, inteligente e alegre de 5 anos de idade. \u00c9 brincalhona, aventureira e extremamente curiosa. Diverte a todos com seus coment\u00e1rios e perguntas indiscretas e surpreende com suas descobertas.<\/p>\n<p>Ela \u00e9 filha \u00fanica de Gustavo L\u00e1rios (Carlo Porto), bem-sucedido empres\u00e1rio da cafeicultura brasileira, e da mexicana Teresa Rezende L\u00e1rios (Lucero), m\u00e3e acolhedora de s\u00e1bios conselhos e voz ador\u00e1vel, que faleceu num acidente quando Dulce Maria tinha apenas 3 anos de idade. Traumatizado com a trag\u00e9dia, Gustavo deixou a filha no col\u00e9gio interno.<\/p>\n","protected":false},"excerpt":{"rendered":"<p>Resumo da novela \u201cCarinha De Anjo\u201d em 10\/03: no cap\u00edtulo 103(*) da novela, Madre Superiora avisa as alunas e irm\u00e3s que a dona do terreno aonde est\u00e1 o col\u00e9gio decidiu vender a fazenda ap\u00f3s o t\u00e9rmino do contrato de aluguel, com isso a escola ser\u00e1 fechada. Na casa de In\u00e1cio todos se re\u00fanem para assistir [&hellip;]<\/p>\n","protected":false},"author":4,"featured_media":210453,"comment_status":"closed","ping_status":"closed","sticky":false,"template":"","format":"standard","meta":{"_genesis_hide_title":false,"_genesis_hide_breadcrumbs":false,"_genesis_hide_singular_image":false,"_genesis_hide_footer_widgets":false,"_genesis_custom_body_class":"","_genesis_custom_post_class":"","_genesis_layout":"","_jetpack_memberships_contains_paid_content":false,"footnotes":""},"categories":[452,379,2025,372,343],"tags":[441],"class_list":{"0":"post-217069","1":"post","2":"type-post","3":"status-publish","4":"format-standard","5":"has-post-thumbnail","7":"category-carinha-de-anjo","8":"category-novelas","9":"category-resumo","10":"category-sbt","11":"category-televisao","12":"tag-resumo-do-dia","13":"entry","14":"gs-1","15":"gs-odd","16":"gs-even","17":"gs-featured-content-entry"},"jetpack_featured_media_url":"https:\/\/www.redenoticia.com.br\/noticia\/imagens\/carinha-de-anjo-resumo-novela-sbt-elenco-infantil.jpeg","jetpack_sharing_enabled":true,"jetpack_likes_enabled":true,"_links":{"self":[{"href":"https:\/\/www.redenoticia.com.br\/noticia\/wp-json\/wp\/v2\/posts\/217069","targetHints":{"allow":["GET"]}}],"collection":[{"href":"https:\/\/www.redenoticia.com.br\/noticia\/wp-json\/wp\/v2\/posts"}],"about":[{"href":"https:\/\/www.redenoticia.com.br\/noticia\/wp-json\/wp\/v2\/types\/post"}],"author":[{"embeddable":true,"href":"https:\/\/www.redenoticia.com.br\/noticia\/wp-json\/wp\/v2\/users\/4"}],"replies":[{"embeddable":true,"href":"https:\/\/www.redenoticia.com.br\/noticia\/wp-json\/wp\/v2\/comments?post=217069"}],"version-history":[{"count":0,"href":"https:\/\/www.redenoticia.com.br\/noticia\/wp-json\/wp\/v2\/posts\/217069\/revisions"}],"wp:featuredmedia":[{"embeddable":true,"href":"https:\/\/www.redenoticia.com.br\/noticia\/wp-json\/wp\/v2\/media\/210453"}],"wp:attachment":[{"href":"https:\/\/www.redenoticia.com.br\/noticia\/wp-json\/wp\/v2\/media?parent=217069"}],"wp:term":[{"taxonomy":"category","embeddable":true,"href":"https:\/\/www.redenoticia.com.br\/noticia\/wp-json\/wp\/v2\/categories?post=217069"},{"taxonomy":"post_tag","embeddable":true,"href":"https:\/\/www.redenoticia.com.br\/noticia\/wp-json\/wp\/v2\/tags?post=217069"}],"curies":[{"name":"wp","href":"https:\/\/api.w.org\/{rel}","templated":true}]}}