{"id":217036,"date":"2022-03-08T15:52:12","date_gmt":"2022-03-08T18:52:12","guid":{"rendered":"https:\/\/www.redenoticia.com.br\/noticia\/?p=217036"},"modified":"2022-03-08T15:52:12","modified_gmt":"2022-03-08T18:52:12","slug":"resumo-alem-da-ilusao-09-03-olivia-organiza-uma-paralisacao-com-os-funcionarios","status":"publish","type":"post","link":"https:\/\/www.redenoticia.com.br\/noticia\/2022\/resumo-alem-da-ilusao-09-03-olivia-organiza-uma-paralisacao-com-os-funcionarios\/217036","title":{"rendered":"Resumo &#8220;Al\u00e9m da Ilus\u00e3o&#8221; 09\/03: Ol\u00edvia organiza uma paralisa\u00e7\u00e3o com os funcion\u00e1rios"},"content":{"rendered":"<p><img loading=\"lazy\" decoding=\"async\" src=\"https:\/\/www.redenoticia.com.br\/noticia\/imagens\/resumo_alem_da_ilusao.jpg\" alt=\"\" width=\"1280\" height=\"720\" class=\"aligncenter size-full wp-image-215468\" srcset=\"https:\/\/www.redenoticia.com.br\/noticia\/imagens\/resumo_alem_da_ilusao.jpg 1280w, https:\/\/www.redenoticia.com.br\/noticia\/imagens\/resumo_alem_da_ilusao-250x140.jpg 250w, https:\/\/www.redenoticia.com.br\/noticia\/imagens\/resumo_alem_da_ilusao-400x225.jpg 400w, https:\/\/www.redenoticia.com.br\/noticia\/imagens\/resumo_alem_da_ilusao-768x432.jpg 768w, https:\/\/www.redenoticia.com.br\/noticia\/imagens\/resumo_alem_da_ilusao-150x85.jpg 150w\" sizes=\"auto, (max-width: 1280px) 100vw, 1280px\" \/><\/p>\n<p><strong><em>Resumo da novela &#8220;Al\u00e9m da Ilus\u00e3o&#8221;<\/em><\/strong> em 09\/03: no cap\u00edtulo 027(*) da novela, Davi altera o cartaz com sua foto. Violeta e Le\u00f4nidas repreendem Helo\u00edsa por causa de um novo surto em Matias. Augusta se preocupa com Davi. Davi teme voltar para a fazenda.<\/p>\n<p>Arminda contraria Julinha e vai ao encontro de Marcos. Ol\u00edvia afirma que conseguir\u00e1 o emprego de Felicidade de volta. Arminda provoca um acidente e Marcos fica desacordado. Ol\u00edvia organiza uma paralisa\u00e7\u00e3o com os funcion\u00e1rios, e Joaquim fica enfurecido.<\/p>\n<p>(*) edi\u00e7\u00e3o das novelas da Globo, &#8220;Al\u00e9m da Ilus\u00e3o&#8221;, sujeito a altera\u00e7\u00e3o de data e conte\u00fado.<\/p>\n<p>Sinopse &#8220;Al\u00e9m da Ilus\u00e3o&#8221;: Em 1930, Po\u00e7os de Caldas, a ing\u00eanua Elisa, filha dos ricos Matias e Violeta, se apaixona por Davi, um m\u00e1gico de circo que sonha em se tornar um grande ilusionista. Sem aprovar o romance, Matias manda matar Davi, mas a filha acaba morrendo acidentalmente e o m\u00e1gico \u00e9 condenado \u00e0 20 anos de pris\u00e3o por um assassinato que n\u00e3o cometeu.<\/p>\n<p>Dez anos depois, a fam\u00edlia vive em Campos dos Goytacazes, onde Matias se tornou um homem amargurado e psicologicamente inst\u00e1vel, enquanto Violeta se tornou uma mulher forte e s\u00f3cia de Eug\u00eanio na Tecelagem Tropical, com quem passa a viver um romance proibido para despeito da ambiciosa \u00darsula, que sempre foi rejeitada pelo vi\u00favo e arma para a rival.<\/p>\n","protected":false},"excerpt":{"rendered":"<p>Resumo da novela &#8220;Al\u00e9m da Ilus\u00e3o&#8221; em 09\/03: no cap\u00edtulo 027(*) da novela, Davi altera o cartaz com sua foto. Violeta e Le\u00f4nidas repreendem Helo\u00edsa por causa de um novo surto em Matias. Augusta se preocupa com Davi. Davi teme voltar para a fazenda. Arminda contraria Julinha e vai ao encontro de Marcos. Ol\u00edvia afirma [&hellip;]<\/p>\n","protected":false},"author":4,"featured_media":215469,"comment_status":"closed","ping_status":"closed","sticky":false,"template":"","format":"standard","meta":{"_genesis_hide_title":false,"_genesis_hide_breadcrumbs":false,"_genesis_hide_singular_image":false,"_genesis_hide_footer_widgets":false,"_genesis_custom_body_class":"","_genesis_custom_post_class":"","_genesis_layout":"","_jetpack_memberships_contains_paid_content":false,"footnotes":""},"categories":[2235,379,375,2025,343],"tags":[441],"class_list":{"0":"post-217036","1":"post","2":"type-post","3":"status-publish","4":"format-standard","5":"has-post-thumbnail","7":"category-alem-da-ilusao","8":"category-novelas","9":"category-rede-globo","10":"category-resumo","11":"category-televisao","12":"tag-resumo-do-dia","13":"entry","14":"gs-1","15":"gs-odd","16":"gs-even","17":"gs-featured-content-entry"},"jetpack_featured_media_url":"https:\/\/www.redenoticia.com.br\/noticia\/imagens\/resumo_alem_da_ilusao_resumo_novela_globo_elenco_personagens.jpg","jetpack_sharing_enabled":true,"jetpack_likes_enabled":true,"_links":{"self":[{"href":"https:\/\/www.redenoticia.com.br\/noticia\/wp-json\/wp\/v2\/posts\/217036","targetHints":{"allow":["GET"]}}],"collection":[{"href":"https:\/\/www.redenoticia.com.br\/noticia\/wp-json\/wp\/v2\/posts"}],"about":[{"href":"https:\/\/www.redenoticia.com.br\/noticia\/wp-json\/wp\/v2\/types\/post"}],"author":[{"embeddable":true,"href":"https:\/\/www.redenoticia.com.br\/noticia\/wp-json\/wp\/v2\/users\/4"}],"replies":[{"embeddable":true,"href":"https:\/\/www.redenoticia.com.br\/noticia\/wp-json\/wp\/v2\/comments?post=217036"}],"version-history":[{"count":0,"href":"https:\/\/www.redenoticia.com.br\/noticia\/wp-json\/wp\/v2\/posts\/217036\/revisions"}],"wp:featuredmedia":[{"embeddable":true,"href":"https:\/\/www.redenoticia.com.br\/noticia\/wp-json\/wp\/v2\/media\/215469"}],"wp:attachment":[{"href":"https:\/\/www.redenoticia.com.br\/noticia\/wp-json\/wp\/v2\/media?parent=217036"}],"wp:term":[{"taxonomy":"category","embeddable":true,"href":"https:\/\/www.redenoticia.com.br\/noticia\/wp-json\/wp\/v2\/categories?post=217036"},{"taxonomy":"post_tag","embeddable":true,"href":"https:\/\/www.redenoticia.com.br\/noticia\/wp-json\/wp\/v2\/tags?post=217036"}],"curies":[{"name":"wp","href":"https:\/\/api.w.org\/{rel}","templated":true}]}}