{"id":217030,"date":"2022-03-08T15:42:15","date_gmt":"2022-03-08T18:42:15","guid":{"rendered":"https:\/\/www.redenoticia.com.br\/noticia\/?p=217030"},"modified":"2022-03-08T15:42:15","modified_gmt":"2022-03-08T18:42:15","slug":"resumo-carinha-de-anjo-09-03-dulce-descobre-que-antonieta-e-a-grande-paixao-de-pascoal","status":"publish","type":"post","link":"https:\/\/www.redenoticia.com.br\/noticia\/2022\/resumo-carinha-de-anjo-09-03-dulce-descobre-que-antonieta-e-a-grande-paixao-de-pascoal\/217030","title":{"rendered":"Resumo \u201cCarinha De Anjo\u201d 09\/03: Dulce descobre que Antonieta \u00e9 a grande paix\u00e3o de Pascoal"},"content":{"rendered":"<p><img loading=\"lazy\" decoding=\"async\" class=\"aligncenter size-full wp-image-210452\" src=\"https:\/\/www.redenoticia.com.br\/noticia\/imagens\/carinha-de-anjo-novela-sbt-elenco-infantil.jpeg\" alt=\"\" width=\"1280\" height=\"720\" srcset=\"https:\/\/www.redenoticia.com.br\/noticia\/imagens\/carinha-de-anjo-novela-sbt-elenco-infantil.jpeg 1280w, https:\/\/www.redenoticia.com.br\/noticia\/imagens\/carinha-de-anjo-novela-sbt-elenco-infantil-250x140.jpeg 250w, https:\/\/www.redenoticia.com.br\/noticia\/imagens\/carinha-de-anjo-novela-sbt-elenco-infantil-400x225.jpeg 400w, https:\/\/www.redenoticia.com.br\/noticia\/imagens\/carinha-de-anjo-novela-sbt-elenco-infantil-768x432.jpeg 768w, https:\/\/www.redenoticia.com.br\/noticia\/imagens\/carinha-de-anjo-novela-sbt-elenco-infantil-150x85.jpeg 150w\" sizes=\"auto, (max-width: 1280px) 100vw, 1280px\" \/><\/p>\n<p><strong><em>Resumo da novela \u201cCarinha De Anjo\u201d<\/em><\/strong> em 09\/03: no cap\u00edtulo 000(*) da novela, Fabiana avisa a Madre Superiora que Antonieta desmaiou e foi levada para ser quarto. A religiosa liga para o doutor Andr\u00e9. Vitor conta para F\u00e1tima que os exames de Estef\u00e2nia mostraram que ela pode engravidar. F\u00e1tima diz que tamb\u00e9m sonha em ser m\u00e3e e adotar uma crian\u00e7a, pois n\u00e3o consegue gerar filhos.<\/p>\n<p>O clipe de Zeca fica pronto e Juju acha que Zeca n\u00e3o vai mais querer saber dela, apenas de Bruna (Duda Matte). A equipe de comunica\u00e7\u00e3o da empresa Rey Caf\u00e9 explica para Gustavo que as reclama\u00e7\u00f5es do caf\u00e9 novo parece ser sabotagem. Pascoal revela para Fabiana e Dulce Maria de onde conhecia Antonieta e o que fez ela desmaiar de emo\u00e7\u00e3o.<\/p>\n<p>O jardineiro conta que quando era jovem, h\u00e1 50 anos, trabalhava para a fam\u00edlia dela e se apaixonou por ela, a filha dos patr\u00f5es. A fam\u00edlia dela era contra o namoro e ele foi embora do local. Pascoal diz que ela foi o primeiro e \u00fanico amor da vida dele e guarda at\u00e9 hoje em uma caixa um dos buques de rosas brancas que havia dado para ela no passado.<\/p>\n<p>(*) edi\u00e7\u00e3o das novelas do SBT, \u201cCarinha De Anjo\u201d, sujeito a altera\u00e7\u00e3o de data e conte\u00fado.<br \/>\nSinopse \u201cCarinha De Anjo\u201d: Dulce Maria \u00e9 uma menina doce, ing\u00eanua, inteligente e alegre de 5 anos de idade. \u00c9 brincalhona, aventureira e extremamente curiosa. Diverte a todos com seus coment\u00e1rios e perguntas indiscretas e surpreende com suas descobertas.<\/p>\n<p>Ela \u00e9 filha \u00fanica de Gustavo L\u00e1rios (Carlo Porto), bem-sucedido empres\u00e1rio da cafeicultura brasileira, e da mexicana Teresa Rezende L\u00e1rios (Lucero), m\u00e3e acolhedora de s\u00e1bios conselhos e voz ador\u00e1vel, que faleceu num acidente quando Dulce Maria tinha apenas 3 anos de idade. Traumatizado com a trag\u00e9dia, Gustavo deixou a filha no col\u00e9gio interno.<\/p>\n","protected":false},"excerpt":{"rendered":"<p>Resumo da novela \u201cCarinha De Anjo\u201d em 09\/03: no cap\u00edtulo 000(*) da novela, Fabiana avisa a Madre Superiora que Antonieta desmaiou e foi levada para ser quarto. A religiosa liga para o doutor Andr\u00e9. Vitor conta para F\u00e1tima que os exames de Estef\u00e2nia mostraram que ela pode engravidar. F\u00e1tima diz que tamb\u00e9m sonha em ser [&hellip;]<\/p>\n","protected":false},"author":4,"featured_media":210453,"comment_status":"closed","ping_status":"closed","sticky":false,"template":"","format":"standard","meta":{"_genesis_hide_title":false,"_genesis_hide_breadcrumbs":false,"_genesis_hide_singular_image":false,"_genesis_hide_footer_widgets":false,"_genesis_custom_body_class":"","_genesis_custom_post_class":"","_genesis_layout":"","_jetpack_memberships_contains_paid_content":false,"footnotes":""},"categories":[452,379,2025,372,343],"tags":[441],"class_list":{"0":"post-217030","1":"post","2":"type-post","3":"status-publish","4":"format-standard","5":"has-post-thumbnail","7":"category-carinha-de-anjo","8":"category-novelas","9":"category-resumo","10":"category-sbt","11":"category-televisao","12":"tag-resumo-do-dia","13":"entry","14":"gs-1","15":"gs-odd","16":"gs-even","17":"gs-featured-content-entry"},"jetpack_featured_media_url":"https:\/\/www.redenoticia.com.br\/noticia\/imagens\/carinha-de-anjo-resumo-novela-sbt-elenco-infantil.jpeg","jetpack_sharing_enabled":true,"jetpack_likes_enabled":true,"_links":{"self":[{"href":"https:\/\/www.redenoticia.com.br\/noticia\/wp-json\/wp\/v2\/posts\/217030","targetHints":{"allow":["GET"]}}],"collection":[{"href":"https:\/\/www.redenoticia.com.br\/noticia\/wp-json\/wp\/v2\/posts"}],"about":[{"href":"https:\/\/www.redenoticia.com.br\/noticia\/wp-json\/wp\/v2\/types\/post"}],"author":[{"embeddable":true,"href":"https:\/\/www.redenoticia.com.br\/noticia\/wp-json\/wp\/v2\/users\/4"}],"replies":[{"embeddable":true,"href":"https:\/\/www.redenoticia.com.br\/noticia\/wp-json\/wp\/v2\/comments?post=217030"}],"version-history":[{"count":0,"href":"https:\/\/www.redenoticia.com.br\/noticia\/wp-json\/wp\/v2\/posts\/217030\/revisions"}],"wp:featuredmedia":[{"embeddable":true,"href":"https:\/\/www.redenoticia.com.br\/noticia\/wp-json\/wp\/v2\/media\/210453"}],"wp:attachment":[{"href":"https:\/\/www.redenoticia.com.br\/noticia\/wp-json\/wp\/v2\/media?parent=217030"}],"wp:term":[{"taxonomy":"category","embeddable":true,"href":"https:\/\/www.redenoticia.com.br\/noticia\/wp-json\/wp\/v2\/categories?post=217030"},{"taxonomy":"post_tag","embeddable":true,"href":"https:\/\/www.redenoticia.com.br\/noticia\/wp-json\/wp\/v2\/tags?post=217030"}],"curies":[{"name":"wp","href":"https:\/\/api.w.org\/{rel}","templated":true}]}}