{"id":216989,"date":"2022-03-07T15:31:35","date_gmt":"2022-03-07T18:31:35","guid":{"rendered":"https:\/\/www.redenoticia.com.br\/noticia\/?p=216989"},"modified":"2022-03-07T15:31:35","modified_gmt":"2022-03-07T18:31:35","slug":"resumo-carinha-de-anjo-08-03-antonieta-ao-ver-pascoal-se-emociona-e-desmaia","status":"publish","type":"post","link":"https:\/\/www.redenoticia.com.br\/noticia\/2022\/resumo-carinha-de-anjo-08-03-antonieta-ao-ver-pascoal-se-emociona-e-desmaia\/216989","title":{"rendered":"Resumo \u201cCarinha De Anjo\u201d 08\/03: Antonieta ao ver Pascoal se emociona e desmaia"},"content":{"rendered":"<p><img loading=\"lazy\" decoding=\"async\" class=\"aligncenter size-full wp-image-210452\" src=\"https:\/\/www.redenoticia.com.br\/noticia\/imagens\/carinha-de-anjo-novela-sbt-elenco-infantil.jpeg\" alt=\"\" width=\"1280\" height=\"720\" srcset=\"https:\/\/www.redenoticia.com.br\/noticia\/imagens\/carinha-de-anjo-novela-sbt-elenco-infantil.jpeg 1280w, https:\/\/www.redenoticia.com.br\/noticia\/imagens\/carinha-de-anjo-novela-sbt-elenco-infantil-250x140.jpeg 250w, https:\/\/www.redenoticia.com.br\/noticia\/imagens\/carinha-de-anjo-novela-sbt-elenco-infantil-400x225.jpeg 400w, https:\/\/www.redenoticia.com.br\/noticia\/imagens\/carinha-de-anjo-novela-sbt-elenco-infantil-768x432.jpeg 768w, https:\/\/www.redenoticia.com.br\/noticia\/imagens\/carinha-de-anjo-novela-sbt-elenco-infantil-150x85.jpeg 150w\" sizes=\"auto, (max-width: 1280px) 100vw, 1280px\" \/><\/p>\n<p><strong><em>Resumo da novela \u201cCarinha De Anjo\u201d<\/em><\/strong> em 08\/03: no cap\u00edtulo 101(*) da novela, Juju ajuda a campanha da m\u00e3e pela reelei\u00e7\u00e3o de Rosana como s\u00edndica do pr\u00e9dio. Madre Superiora explica o sentido da palavra &#8220;fofoca&#8221; com objetivo de acabar com as maldades de Frida (Sienna Belle) e B\u00e1rbara (Renata Randel) a respeito de Lulu. Madre fica sabendo que a conversa de Antonieta com Gustavo e Padre Gabriel (Alcemar Vieira) n\u00e3o deu certo.<\/p>\n<p>Cec\u00edlia e Dulce motivam a religiosa a tentar uma \u00faltima conversa com a propriet\u00e1ria das terras. Os coment\u00e1rios falando mal do novo caf\u00e9 da Rey Caf\u00e9 come\u00e7am a ser notados na internet. Bruna exibe o resultado do clipe de Zeca e Miguel. Rosana comunica a fam\u00edlia que foi reeleita s\u00edndica do pr\u00e9dio. Bruna tenta tudo para conquistar Zeca.<\/p>\n<p>Haydee diz para Fl\u00e1vio que percebeu que a doen\u00e7a dele \u00e9 mais grave do que ele mesmo diz. Na verdade, o filho est\u00e1 enganando a m\u00e3e para colocar o plano de Leonardo em a\u00e7\u00e3o. Fl\u00e1vio torce pela morte da pr\u00f3pria m\u00e3e para ficar milion\u00e1rio. Estef\u00e2nia (Priscila Sol) mostra para Gustavo que est\u00e3o dizendo na internet que consumidores passaram mal ap\u00f3s beber o novo caf\u00e9 da empresa. Antonieta vai com o advogado at\u00e9 o col\u00e9gio para falar com a Madre Superiora. A mulher diz que vender\u00e1 a terra e n\u00e3o lhe importa nada que digam. Antonieta ent\u00e3o pede para ver como est\u00e1 todo o local. Ao ver o jardineiro do col\u00e9gio, P\u00e1scoal (Camilo Bevilacqua), Antonieta tem uma forte emo\u00e7\u00e3o e desmaia. P\u00e1scoal reconhece a mulher.<\/p>\n<p>(*) edi\u00e7\u00e3o das novelas do SBT, \u201cCarinha De Anjo\u201d, sujeito a altera\u00e7\u00e3o de data e conte\u00fado.<\/p>\n<p>Sinopse \u201cCarinha De Anjo\u201d: Dulce Maria \u00e9 uma menina doce, ingenua, inteligente e alegre de 5 anos de idade. \u00c9 brincalhona, aventureira e extremamente curiosa. Diverte a todos com seus coment\u00e1rios e perguntas indiscretas e surpreende com suas descobertas.<\/p>\n<p>Ela \u00e9 filha \u00fanica de Gustavo L\u00e1rios (Carlo Porto), bem-sucedido empres\u00e1rio da cafeicultura brasileira, e da mexicana Teresa Rezende L\u00e1rios (Lucero), m\u00e3e acolhedora de s\u00e1bios conselhos e voz ador\u00e1vel, que faleceu num acidente quando Dulce Maria tinha apenas 3 anos de idade. Traumatizado com a trag\u00e9dia, Gustavo deixou a filha no col\u00e9gio interno.<\/p>\n","protected":false},"excerpt":{"rendered":"<p>Resumo da novela \u201cCarinha De Anjo\u201d em 08\/03: no cap\u00edtulo 101(*) da novela, Juju ajuda a campanha da m\u00e3e pela reelei\u00e7\u00e3o de Rosana como s\u00edndica do pr\u00e9dio. Madre Superiora explica o sentido da palavra &#8220;fofoca&#8221; com objetivo de acabar com as maldades de Frida (Sienna Belle) e B\u00e1rbara (Renata Randel) a respeito de Lulu. Madre [&hellip;]<\/p>\n","protected":false},"author":4,"featured_media":210453,"comment_status":"closed","ping_status":"closed","sticky":false,"template":"","format":"standard","meta":{"_genesis_hide_title":false,"_genesis_hide_breadcrumbs":false,"_genesis_hide_singular_image":false,"_genesis_hide_footer_widgets":false,"_genesis_custom_body_class":"","_genesis_custom_post_class":"","_genesis_layout":"","_jetpack_memberships_contains_paid_content":false,"footnotes":""},"categories":[452,379,2025,372,343],"tags":[441],"class_list":{"0":"post-216989","1":"post","2":"type-post","3":"status-publish","4":"format-standard","5":"has-post-thumbnail","7":"category-carinha-de-anjo","8":"category-novelas","9":"category-resumo","10":"category-sbt","11":"category-televisao","12":"tag-resumo-do-dia","13":"entry","14":"gs-1","15":"gs-odd","16":"gs-even","17":"gs-featured-content-entry"},"jetpack_featured_media_url":"https:\/\/www.redenoticia.com.br\/noticia\/imagens\/carinha-de-anjo-resumo-novela-sbt-elenco-infantil.jpeg","jetpack_sharing_enabled":true,"jetpack_likes_enabled":true,"_links":{"self":[{"href":"https:\/\/www.redenoticia.com.br\/noticia\/wp-json\/wp\/v2\/posts\/216989","targetHints":{"allow":["GET"]}}],"collection":[{"href":"https:\/\/www.redenoticia.com.br\/noticia\/wp-json\/wp\/v2\/posts"}],"about":[{"href":"https:\/\/www.redenoticia.com.br\/noticia\/wp-json\/wp\/v2\/types\/post"}],"author":[{"embeddable":true,"href":"https:\/\/www.redenoticia.com.br\/noticia\/wp-json\/wp\/v2\/users\/4"}],"replies":[{"embeddable":true,"href":"https:\/\/www.redenoticia.com.br\/noticia\/wp-json\/wp\/v2\/comments?post=216989"}],"version-history":[{"count":0,"href":"https:\/\/www.redenoticia.com.br\/noticia\/wp-json\/wp\/v2\/posts\/216989\/revisions"}],"wp:featuredmedia":[{"embeddable":true,"href":"https:\/\/www.redenoticia.com.br\/noticia\/wp-json\/wp\/v2\/media\/210453"}],"wp:attachment":[{"href":"https:\/\/www.redenoticia.com.br\/noticia\/wp-json\/wp\/v2\/media?parent=216989"}],"wp:term":[{"taxonomy":"category","embeddable":true,"href":"https:\/\/www.redenoticia.com.br\/noticia\/wp-json\/wp\/v2\/categories?post=216989"},{"taxonomy":"post_tag","embeddable":true,"href":"https:\/\/www.redenoticia.com.br\/noticia\/wp-json\/wp\/v2\/tags?post=216989"}],"curies":[{"name":"wp","href":"https:\/\/api.w.org\/{rel}","templated":true}]}}