{"id":216793,"date":"2022-03-02T15:17:30","date_gmt":"2022-03-02T18:17:30","guid":{"rendered":"https:\/\/www.redenoticia.com.br\/noticia\/?p=216793"},"modified":"2022-03-02T15:17:30","modified_gmt":"2022-03-02T18:17:30","slug":"resumo-carinha-de-anjo-03-03-lulu-e-dulce-maria-passam-lama-no-rosto-da-madre","status":"publish","type":"post","link":"https:\/\/www.redenoticia.com.br\/noticia\/2022\/resumo-carinha-de-anjo-03-03-lulu-e-dulce-maria-passam-lama-no-rosto-da-madre\/216793","title":{"rendered":"Resumo \u201cCarinha De Anjo\u201d 03\/03: Lulu e Dulce Maria passam lama no rosto da Madre"},"content":{"rendered":"<p><img loading=\"lazy\" decoding=\"async\" class=\"aligncenter size-full wp-image-210452\" src=\"https:\/\/www.redenoticia.com.br\/noticia\/imagens\/carinha-de-anjo-novela-sbt-elenco-infantil.jpeg\" alt=\"\" width=\"1280\" height=\"720\" srcset=\"https:\/\/www.redenoticia.com.br\/noticia\/imagens\/carinha-de-anjo-novela-sbt-elenco-infantil.jpeg 1280w, https:\/\/www.redenoticia.com.br\/noticia\/imagens\/carinha-de-anjo-novela-sbt-elenco-infantil-250x140.jpeg 250w, https:\/\/www.redenoticia.com.br\/noticia\/imagens\/carinha-de-anjo-novela-sbt-elenco-infantil-400x225.jpeg 400w, https:\/\/www.redenoticia.com.br\/noticia\/imagens\/carinha-de-anjo-novela-sbt-elenco-infantil-768x432.jpeg 768w, https:\/\/www.redenoticia.com.br\/noticia\/imagens\/carinha-de-anjo-novela-sbt-elenco-infantil-150x85.jpeg 150w\" sizes=\"auto, (max-width: 1280px) 100vw, 1280px\" \/><\/p>\n<p><strong><em>Resumo da novela \u201cCarinha De Anjo\u201d<\/em><\/strong> em 03\/03: no cap\u00edtulo 127(*) da novela, Gustavo convida Crist\u00f3v\u00e3o e F\u00e1tima para serem os padrinhos de seu casamento com Cec\u00edlia. Silvestre desafia Francielly a sa\u00edrem para jantar, s\u00f3 que um escolher\u00e1 a roupa do outro para ver quem tem melhor gosto. B\u00e1rbara diz para Lulu fazer uma surpresa para a Madre Superiora ao colocar uma m\u00e1scara de lama no rosto da religiosa. Ao anoitecer, Lulu, com ajuda de Dulce Maria, v\u00e3o at\u00e9 a sala da Madre para passar a lama no rosto dela.<\/p>\n<p>Cec\u00edlia e Gustavo v\u00e3o at\u00e9 a casa de Diana e In\u00e1cio para convidar os dois para serem seus padrinhos de casamento. Gustavo diz que eles n\u00e3o querem presentes, pois a presen\u00e7a dos dois na vida do casal \u00e9 o maior presente que podem ter. Madre acorda pela manh\u00e3 com a lama seca em seu rosto e s\u00f3 percebe o acontecimento ap\u00f3s Fabiana e irm\u00e3 Didi se assustarem com ela. Dulce e Lulu justificam para Fabiana e Cec\u00edlia que tentaram agradar a Madre para que ela n\u00e3o deixasse P\u00e1scoal fazer churrasco da Mimosa. As professoras n\u00e3o compreendem e decidem fazer uma reuni\u00e3o. Madre decide ir falar com Dulce e Lulu. Fabiana ajuda Miguel e Z\u00e9 Felipe a prenderem em uma rede P\u00e1scoal por acharem que ele vai fazer churrasco com a vaca Mimosa.<\/p>\n<p>(*) edi\u00e7\u00e3o das novelas do SBT, \u201cCarinha De Anjo\u201d, sujeito a altera\u00e7\u00e3o de data e conte\u00fado.<\/p>\n<p>Sinopse \u201cCarinha De Anjo\u201d: Dulce Maria \u00e9 uma menina doce, ingenua, inteligente e alegre de 5 anos de idade. \u00c9 brincalhona, aventureira e extremamente curiosa. Diverte a todos com seus coment\u00e1rios e perguntas indiscretas e surpreende com suas descobertas.<\/p>\n<p>Ela \u00e9 filha \u00fanica de Gustavo L\u00e1rios (Carlo Porto), bem-sucedido empres\u00e1rio da cafeicultura brasileira, e da mexicana Teresa Rezende L\u00e1rios (Lucero), m\u00e3e acolhedora de s\u00e1bios conselhos e voz ador\u00e1vel, que faleceu num acidente quando Dulce Maria tinha apenas 3 anos de idade. Traumatizado com a trag\u00e9dia, Gustavo deixou a filha no col\u00e9gio interno.<\/p>\n","protected":false},"excerpt":{"rendered":"<p>Resumo da novela \u201cCarinha De Anjo\u201d em 03\/03: no cap\u00edtulo 127(*) da novela, Gustavo convida Crist\u00f3v\u00e3o e F\u00e1tima para serem os padrinhos de seu casamento com Cec\u00edlia. Silvestre desafia Francielly a sa\u00edrem para jantar, s\u00f3 que um escolher\u00e1 a roupa do outro para ver quem tem melhor gosto. B\u00e1rbara diz para Lulu fazer uma surpresa [&hellip;]<\/p>\n","protected":false},"author":4,"featured_media":210453,"comment_status":"closed","ping_status":"closed","sticky":false,"template":"","format":"standard","meta":{"_genesis_hide_title":false,"_genesis_hide_breadcrumbs":false,"_genesis_hide_singular_image":false,"_genesis_hide_footer_widgets":false,"_genesis_custom_body_class":"","_genesis_custom_post_class":"","_genesis_layout":"","_jetpack_memberships_contains_paid_content":false,"footnotes":""},"categories":[452,379,2025,372,343],"tags":[441],"class_list":{"0":"post-216793","1":"post","2":"type-post","3":"status-publish","4":"format-standard","5":"has-post-thumbnail","7":"category-carinha-de-anjo","8":"category-novelas","9":"category-resumo","10":"category-sbt","11":"category-televisao","12":"tag-resumo-do-dia","13":"entry","14":"gs-1","15":"gs-odd","16":"gs-even","17":"gs-featured-content-entry"},"jetpack_featured_media_url":"https:\/\/www.redenoticia.com.br\/noticia\/imagens\/carinha-de-anjo-resumo-novela-sbt-elenco-infantil.jpeg","jetpack_sharing_enabled":true,"jetpack_likes_enabled":true,"_links":{"self":[{"href":"https:\/\/www.redenoticia.com.br\/noticia\/wp-json\/wp\/v2\/posts\/216793","targetHints":{"allow":["GET"]}}],"collection":[{"href":"https:\/\/www.redenoticia.com.br\/noticia\/wp-json\/wp\/v2\/posts"}],"about":[{"href":"https:\/\/www.redenoticia.com.br\/noticia\/wp-json\/wp\/v2\/types\/post"}],"author":[{"embeddable":true,"href":"https:\/\/www.redenoticia.com.br\/noticia\/wp-json\/wp\/v2\/users\/4"}],"replies":[{"embeddable":true,"href":"https:\/\/www.redenoticia.com.br\/noticia\/wp-json\/wp\/v2\/comments?post=216793"}],"version-history":[{"count":0,"href":"https:\/\/www.redenoticia.com.br\/noticia\/wp-json\/wp\/v2\/posts\/216793\/revisions"}],"wp:featuredmedia":[{"embeddable":true,"href":"https:\/\/www.redenoticia.com.br\/noticia\/wp-json\/wp\/v2\/media\/210453"}],"wp:attachment":[{"href":"https:\/\/www.redenoticia.com.br\/noticia\/wp-json\/wp\/v2\/media?parent=216793"}],"wp:term":[{"taxonomy":"category","embeddable":true,"href":"https:\/\/www.redenoticia.com.br\/noticia\/wp-json\/wp\/v2\/categories?post=216793"},{"taxonomy":"post_tag","embeddable":true,"href":"https:\/\/www.redenoticia.com.br\/noticia\/wp-json\/wp\/v2\/tags?post=216793"}],"curies":[{"name":"wp","href":"https:\/\/api.w.org\/{rel}","templated":true}]}}