{"id":216756,"date":"2022-03-01T15:23:52","date_gmt":"2022-03-01T18:23:52","guid":{"rendered":"https:\/\/www.redenoticia.com.br\/noticia\/?p=216756"},"modified":"2022-03-01T15:23:52","modified_gmt":"2022-03-01T18:23:52","slug":"resumo-se-nos-deixam-02-03-uma-visita-surpresa-deixa-todos-tensos","status":"publish","type":"post","link":"https:\/\/www.redenoticia.com.br\/noticia\/2022\/resumo-se-nos-deixam-02-03-uma-visita-surpresa-deixa-todos-tensos\/216756","title":{"rendered":"Resumo &#8220;Se nos deixam&#8221; 02\/03: Uma visita surpresa deixa todos tensos"},"content":{"rendered":"<p><img loading=\"lazy\" decoding=\"async\" class=\"aligncenter size-full wp-image-212133\" src=\"https:\/\/www.redenoticia.com.br\/noticia\/imagens\/se-nos-deixam-novela-sbt-personagens-resumo.jpg\" alt=\"\" width=\"1280\" height=\"720\" srcset=\"https:\/\/www.redenoticia.com.br\/noticia\/imagens\/se-nos-deixam-novela-sbt-personagens-resumo.jpg 1280w, https:\/\/www.redenoticia.com.br\/noticia\/imagens\/se-nos-deixam-novela-sbt-personagens-resumo-250x140.jpg 250w, https:\/\/www.redenoticia.com.br\/noticia\/imagens\/se-nos-deixam-novela-sbt-personagens-resumo-400x225.jpg 400w, https:\/\/www.redenoticia.com.br\/noticia\/imagens\/se-nos-deixam-novela-sbt-personagens-resumo-768x432.jpg 768w, https:\/\/www.redenoticia.com.br\/noticia\/imagens\/se-nos-deixam-novela-sbt-personagens-resumo-150x85.jpg 150w\" sizes=\"auto, (max-width: 1280px) 100vw, 1280px\" \/><\/p>\n<p><strong><em>Resumo da novela &#8220;Se nos deixam&#8221;<\/em><\/strong> em 02\/03: no cap\u00edtulo 033(*) da novela, enquanto o amor floresce para alguns, alguns outros passam por dificuldades para estarem juntos. Uma visita surpresa deixar\u00e1 todos tensos.<\/p>\n<p>As surpresas n\u00e3o param de chegar, desta vez um encontro repentino colocar\u00e1 todos no limite da tens\u00e3o. Paulo est\u00e1 muito consternado com tudo o que aconteceu, agora a vida lhe d\u00e1 uma decis\u00e3o dif\u00edcil, fugir ou n\u00e3o da pris\u00e3o.<\/p>\n<p>(*) edi\u00e7\u00e3o das novelas do SBT, &#8220;Se nos deixam&#8221;, sujeito a altera\u00e7\u00e3o de data e conte\u00fado.<\/p>\n<p>Sinopse &#8220;Se nos deixam&#8221;: Alice Montiel (Mayr\u00edn Villanueva) \u00e9 uma mulher que depois de uma vida casada com quem ela pensava ser o amor de sua vida, e por acreditar que teve o casamento e a fam\u00edlia perfeitos, descobre que seu marido lhe foi infiel h\u00e1 anos. Alice, v\u00edtima das decep\u00e7\u00f5es de S\u00e9rgio (Alexis Ayala), toma a dif\u00edcil decis\u00e3o de se separar, reconstruir sua vida e dar uma nova chance ao amor.<\/p>\n","protected":false},"excerpt":{"rendered":"<p>Resumo da novela &#8220;Se nos deixam&#8221; em 02\/03: no cap\u00edtulo 033(*) da novela, enquanto o amor floresce para alguns, alguns outros passam por dificuldades para estarem juntos. Uma visita surpresa deixar\u00e1 todos tensos. As surpresas n\u00e3o param de chegar, desta vez um encontro repentino colocar\u00e1 todos no limite da tens\u00e3o. Paulo est\u00e1 muito consternado com [&hellip;]<\/p>\n","protected":false},"author":4,"featured_media":212134,"comment_status":"closed","ping_status":"closed","sticky":false,"template":"","format":"standard","meta":{"_genesis_hide_title":false,"_genesis_hide_breadcrumbs":false,"_genesis_hide_singular_image":false,"_genesis_hide_footer_widgets":false,"_genesis_custom_body_class":"","_genesis_custom_post_class":"","_genesis_layout":"","_jetpack_memberships_contains_paid_content":false,"footnotes":""},"categories":[379,2025,372,2224,343],"tags":[441],"class_list":{"0":"post-216756","1":"post","2":"type-post","3":"status-publish","4":"format-standard","5":"has-post-thumbnail","7":"category-novelas","8":"category-resumo","9":"category-sbt","10":"category-se-nos-deixam","11":"category-televisao","12":"tag-resumo-do-dia","13":"entry","14":"gs-1","15":"gs-odd","16":"gs-even","17":"gs-featured-content-entry"},"jetpack_featured_media_url":"https:\/\/www.redenoticia.com.br\/noticia\/imagens\/se-nos-deixam-resumo-novela-sbt-elenco.jpg","jetpack_sharing_enabled":true,"jetpack_likes_enabled":true,"_links":{"self":[{"href":"https:\/\/www.redenoticia.com.br\/noticia\/wp-json\/wp\/v2\/posts\/216756","targetHints":{"allow":["GET"]}}],"collection":[{"href":"https:\/\/www.redenoticia.com.br\/noticia\/wp-json\/wp\/v2\/posts"}],"about":[{"href":"https:\/\/www.redenoticia.com.br\/noticia\/wp-json\/wp\/v2\/types\/post"}],"author":[{"embeddable":true,"href":"https:\/\/www.redenoticia.com.br\/noticia\/wp-json\/wp\/v2\/users\/4"}],"replies":[{"embeddable":true,"href":"https:\/\/www.redenoticia.com.br\/noticia\/wp-json\/wp\/v2\/comments?post=216756"}],"version-history":[{"count":0,"href":"https:\/\/www.redenoticia.com.br\/noticia\/wp-json\/wp\/v2\/posts\/216756\/revisions"}],"wp:featuredmedia":[{"embeddable":true,"href":"https:\/\/www.redenoticia.com.br\/noticia\/wp-json\/wp\/v2\/media\/212134"}],"wp:attachment":[{"href":"https:\/\/www.redenoticia.com.br\/noticia\/wp-json\/wp\/v2\/media?parent=216756"}],"wp:term":[{"taxonomy":"category","embeddable":true,"href":"https:\/\/www.redenoticia.com.br\/noticia\/wp-json\/wp\/v2\/categories?post=216756"},{"taxonomy":"post_tag","embeddable":true,"href":"https:\/\/www.redenoticia.com.br\/noticia\/wp-json\/wp\/v2\/tags?post=216756"}],"curies":[{"name":"wp","href":"https:\/\/api.w.org\/{rel}","templated":true}]}}