{"id":216733,"date":"2022-02-28T15:29:50","date_gmt":"2022-02-28T18:29:50","guid":{"rendered":"https:\/\/www.redenoticia.com.br\/noticia\/?p=216733"},"modified":"2022-02-28T15:29:50","modified_gmt":"2022-02-28T18:29:50","slug":"resumo-carinha-de-anjo-01-03-dulce-maria-conhece-leonardo","status":"publish","type":"post","link":"https:\/\/www.redenoticia.com.br\/noticia\/2022\/resumo-carinha-de-anjo-01-03-dulce-maria-conhece-leonardo\/216733","title":{"rendered":"Resumo \u201cCarinha De Anjo\u201d 01\/03: Dulce Maria conhece Leonardo"},"content":{"rendered":"<p><img loading=\"lazy\" decoding=\"async\" class=\"aligncenter size-full wp-image-210452\" src=\"https:\/\/www.redenoticia.com.br\/noticia\/imagens\/carinha-de-anjo-novela-sbt-elenco-infantil.jpeg\" alt=\"\" width=\"1280\" height=\"720\" srcset=\"https:\/\/www.redenoticia.com.br\/noticia\/imagens\/carinha-de-anjo-novela-sbt-elenco-infantil.jpeg 1280w, https:\/\/www.redenoticia.com.br\/noticia\/imagens\/carinha-de-anjo-novela-sbt-elenco-infantil-250x140.jpeg 250w, https:\/\/www.redenoticia.com.br\/noticia\/imagens\/carinha-de-anjo-novela-sbt-elenco-infantil-400x225.jpeg 400w, https:\/\/www.redenoticia.com.br\/noticia\/imagens\/carinha-de-anjo-novela-sbt-elenco-infantil-768x432.jpeg 768w, https:\/\/www.redenoticia.com.br\/noticia\/imagens\/carinha-de-anjo-novela-sbt-elenco-infantil-150x85.jpeg 150w\" sizes=\"auto, (max-width: 1280px) 100vw, 1280px\" \/><\/p>\n<p><strong><em>Resumo da novela \u201cCarinha De Anjo\u201d<\/em><\/strong> em 01\/03: no cap\u00edtulo 125(*) da novela, Miguel e Zeca v\u00e3o at\u00e9 a casa de Juju e ela grava um v\u00eddeo em seu vlog para anunciar para todos que agora ele faz dupla com o primo, Miguel. Na casa de Estef\u00e2nia e Vitor, a fam\u00edlia chega para o almo\u00e7o e, tamb\u00e9m, para Dulce conhecer Leonardo. Cec\u00edlia convida Vitor e Estef\u00e2nia para serem o padrinho e madrinha de seu casamento com Gustavo. Z\u00e9 Felipe conhece Lulu e os dois se d\u00e3o bem. O pequenino apresenta a vaca mimosa para a nova amiga. Dulce Maria conhece Leonardo e ganha um presente dele. Leonardo consegue se passar por um homem transformado. Gustavo \u00e9 o \u00fanico que prefere manter certo distanciamento do primo. Fl\u00e1vio termina de pintar o apartamento de Haydee. Leonardo vai at\u00e9 a casa da m\u00e3e de Nicole para dizer que \u00e9 uma injusti\u00e7a, pois ele foi o c\u00famplice da falecida para aplicar a vingan\u00e7a contra a fam\u00edlia L\u00e1rios.<\/p>\n<p>Leonardo diz para Haydee e Fl\u00e1vio que eles ter\u00e3o que fazer tudo o que ele mandar. O vil\u00e3o revela ainda que Nicole deixou com ele diversas provas para condenar os dois como vingan\u00e7a. Z\u00e9 Felipe conversa com Em\u00edlio, Lulu e Dulce por achar que a vaca Mimosa vai virar churrasco ap\u00f3s entender errado uma conversa. Fabiana recebe um telefonema de um produtor do SBT dizendo que quer exibir um videoclipe de Zeca e Miguel na televis\u00e3o. Fabiana conta a novidade para os meninos e diz que eles precisam gravar um clipe agora. Leonardo beija Silvana, que fica feliz por estar apaixonada. A secret\u00e1ria n\u00e3o sabe que o irm\u00e3o de Estef\u00e2nia n\u00e3o gosta dela e est\u00e1 planejando uma grande vingan\u00e7a.<br \/>\n(*) edi\u00e7\u00e3o das novelas do SBT, \u201cCarinha De Anjo\u201d, sujeito a altera\u00e7\u00e3o de data e conte\u00fado.<\/p>\n<p>Sinopse \u201cCarinha De Anjo\u201d: Dulce Maria \u00e9 uma menina doce, ingenua, inteligente e alegre de 5 anos de idade. \u00c9 brincalhona, aventureira e extremamente curiosa. Diverte a todos com seus coment\u00e1rios e perguntas indiscretas e surpreende com suas descobertas.<\/p>\n<p>Ela \u00e9 filha \u00fanica de Gustavo L\u00e1rios (Carlo Porto), bem-sucedido empres\u00e1rio da cafeicultura brasileira, e da mexicana Teresa Rezende L\u00e1rios (Lucero), m\u00e3e acolhedora de s\u00e1bios conselhos e voz ador\u00e1vel, que faleceu num acidente quando Dulce Maria tinha apenas 3 anos de idade. Traumatizado com a trag\u00e9dia, Gustavo deixou a filha no col\u00e9gio interno.<\/p>\n","protected":false},"excerpt":{"rendered":"<p>Resumo da novela \u201cCarinha De Anjo\u201d em 01\/03: no cap\u00edtulo 125(*) da novela, Miguel e Zeca v\u00e3o at\u00e9 a casa de Juju e ela grava um v\u00eddeo em seu vlog para anunciar para todos que agora ele faz dupla com o primo, Miguel. Na casa de Estef\u00e2nia e Vitor, a fam\u00edlia chega para o almo\u00e7o [&hellip;]<\/p>\n","protected":false},"author":4,"featured_media":210453,"comment_status":"closed","ping_status":"closed","sticky":false,"template":"","format":"standard","meta":{"_genesis_hide_title":false,"_genesis_hide_breadcrumbs":false,"_genesis_hide_singular_image":false,"_genesis_hide_footer_widgets":false,"_genesis_custom_body_class":"","_genesis_custom_post_class":"","_genesis_layout":"","_jetpack_memberships_contains_paid_content":false,"footnotes":""},"categories":[452,379,2025,372,343],"tags":[441],"class_list":{"0":"post-216733","1":"post","2":"type-post","3":"status-publish","4":"format-standard","5":"has-post-thumbnail","7":"category-carinha-de-anjo","8":"category-novelas","9":"category-resumo","10":"category-sbt","11":"category-televisao","12":"tag-resumo-do-dia","13":"entry","14":"gs-1","15":"gs-odd","16":"gs-even","17":"gs-featured-content-entry"},"jetpack_featured_media_url":"https:\/\/www.redenoticia.com.br\/noticia\/imagens\/carinha-de-anjo-resumo-novela-sbt-elenco-infantil.jpeg","jetpack_sharing_enabled":true,"jetpack_likes_enabled":true,"_links":{"self":[{"href":"https:\/\/www.redenoticia.com.br\/noticia\/wp-json\/wp\/v2\/posts\/216733","targetHints":{"allow":["GET"]}}],"collection":[{"href":"https:\/\/www.redenoticia.com.br\/noticia\/wp-json\/wp\/v2\/posts"}],"about":[{"href":"https:\/\/www.redenoticia.com.br\/noticia\/wp-json\/wp\/v2\/types\/post"}],"author":[{"embeddable":true,"href":"https:\/\/www.redenoticia.com.br\/noticia\/wp-json\/wp\/v2\/users\/4"}],"replies":[{"embeddable":true,"href":"https:\/\/www.redenoticia.com.br\/noticia\/wp-json\/wp\/v2\/comments?post=216733"}],"version-history":[{"count":0,"href":"https:\/\/www.redenoticia.com.br\/noticia\/wp-json\/wp\/v2\/posts\/216733\/revisions"}],"wp:featuredmedia":[{"embeddable":true,"href":"https:\/\/www.redenoticia.com.br\/noticia\/wp-json\/wp\/v2\/media\/210453"}],"wp:attachment":[{"href":"https:\/\/www.redenoticia.com.br\/noticia\/wp-json\/wp\/v2\/media?parent=216733"}],"wp:term":[{"taxonomy":"category","embeddable":true,"href":"https:\/\/www.redenoticia.com.br\/noticia\/wp-json\/wp\/v2\/categories?post=216733"},{"taxonomy":"post_tag","embeddable":true,"href":"https:\/\/www.redenoticia.com.br\/noticia\/wp-json\/wp\/v2\/tags?post=216733"}],"curies":[{"name":"wp","href":"https:\/\/api.w.org\/{rel}","templated":true}]}}