{"id":216679,"date":"2022-02-26T18:50:51","date_gmt":"2022-02-26T21:50:51","guid":{"rendered":"https:\/\/www.redenoticia.com.br\/noticia\/?p=216679"},"modified":"2022-02-26T18:50:51","modified_gmt":"2022-02-26T21:50:51","slug":"resumo-carinha-de-anjo-28-02-gustavo-descobre-que-vai-poder-se-casar-no-colegio","status":"publish","type":"post","link":"https:\/\/www.redenoticia.com.br\/noticia\/2022\/resumo-carinha-de-anjo-28-02-gustavo-descobre-que-vai-poder-se-casar-no-colegio\/216679","title":{"rendered":"Resumo \u201cCarinha De Anjo\u201d 28\/02: Gustavo descobre que vai poder se casar no col\u00e9gio"},"content":{"rendered":"<p><img loading=\"lazy\" decoding=\"async\" class=\"aligncenter size-full wp-image-210452\" src=\"https:\/\/www.redenoticia.com.br\/noticia\/imagens\/carinha-de-anjo-novela-sbt-elenco-infantil.jpeg\" alt=\"\" width=\"1280\" height=\"720\" srcset=\"https:\/\/www.redenoticia.com.br\/noticia\/imagens\/carinha-de-anjo-novela-sbt-elenco-infantil.jpeg 1280w, https:\/\/www.redenoticia.com.br\/noticia\/imagens\/carinha-de-anjo-novela-sbt-elenco-infantil-250x140.jpeg 250w, https:\/\/www.redenoticia.com.br\/noticia\/imagens\/carinha-de-anjo-novela-sbt-elenco-infantil-400x225.jpeg 400w, https:\/\/www.redenoticia.com.br\/noticia\/imagens\/carinha-de-anjo-novela-sbt-elenco-infantil-768x432.jpeg 768w, https:\/\/www.redenoticia.com.br\/noticia\/imagens\/carinha-de-anjo-novela-sbt-elenco-infantil-150x85.jpeg 150w\" sizes=\"auto, (max-width: 1280px) 100vw, 1280px\" \/><\/p>\n<p><strong><em>Resumo da novela \u201cCarinha De Anjo\u201d<\/em><\/strong> em 28\/02: no cap\u00edtulo 124(*) da novela, Cec\u00edlia conta para Gustavo que a Madre Superiora permitiu que eles se casem no col\u00e9gio. A professora conta ainda que convidou Fabiana para ser sua madrinha de casamento.<\/p>\n<p>Juju revela para a m\u00e3e que est\u00e1 com saudade de Zeca e acha melhor esperar mais um tempo para saber se no futuro voltam ou n\u00e3o a namorar. A novi\u00e7a Fabiana conta para as alunas que haver\u00e1 um show de uma grande dupla no col\u00e9gio, mas n\u00e3o conta quem s\u00e3o os artistas.<\/p>\n<p>Delegado Peixoto revela para Gustavo e Crist\u00f3v\u00e3o que n\u00e3o h\u00e1 pistas do motorista contratado por Nicole para sequestrar Dulce Maria se passando por funcion\u00e1rio da Rey Caf\u00e9. Atrav\u00e9s do retrato falado, Peixoto conta que chegou a suspeitar de Fl\u00e1vio, mas n\u00e3o h\u00e1 certeza disso. Franciely se consulta com a vidente mais uma vez, que na verdade \u00e9 Silvestre disfar\u00e7ado.<\/p>\n<p>A falsa vidente diz que o nome do marido dela ser\u00e1 Junior. Peixoto vai at\u00e9 a casa de Haydee para falar com ela e Fl\u00e1vio a respeito de Nicole.<\/p>\n<p>Miguel e Zeca se apresentam pela primeira vez para uma plateia formada pelas alunas e pelos pais das meninas no col\u00e9gio de Doce Horizonte. Estef\u00e2nia conta para Dulce Maria sobre o fato da carinha de anjo ter um tio desconhecido. O pai de Luciano diz que conseguiu um empr\u00e9stimo para colocar a empresa da fam\u00edlia em ordem e Frida comemora, pois estava com medo de ficar pobre. Franciely descobre que um dos nomes do Padre Gabriel \u00e9 Junior. A empregada diz para Silvestre. O mordomo conta que isso n\u00e3o significa nada, afinal ele mesmo tem Junior no nome. Juju diz para Miguel e Zeca que precisam gravar um grande clipe para mostrar para os f\u00e3s do garoto que eles voltaram com tudo.<\/p>\n<p>(*) edi\u00e7\u00e3o das novelas do SBT, \u201cCarinha De Anjo\u201d, sujeito a altera\u00e7\u00e3o de data e conte\u00fado.<\/p>\n<p>Sinopse \u201cCarinha De Anjo\u201d: Dulce Maria \u00e9 uma menina doce, ing\u00eanua, inteligente e alegre de 5 anos de idade. \u00c9 brincalhona, aventureira e extremamente curiosa. Diverte a todos com seus coment\u00e1rios e perguntas indiscretas e surpreende com suas descobertas.<\/p>\n<p>Ela \u00e9 filha \u00fanica de Gustavo L\u00e1rios (Carlo Porto), bem-sucedido empres\u00e1rio da cafeicultura brasileira, e da mexicana Teresa Rezende L\u00e1rios (Lucero), m\u00e3e acolhedora de s\u00e1bios conselhos e voz ador\u00e1vel, que faleceu num acidente quando Dulce Maria tinha apenas 3 anos de idade. Traumatizado com a trag\u00e9dia, Gustavo deixou a filha no col\u00e9gio interno.<\/p>\n","protected":false},"excerpt":{"rendered":"<p>Resumo da novela \u201cCarinha De Anjo\u201d em 28\/02: no cap\u00edtulo 124(*) da novela, Cec\u00edlia conta para Gustavo que a Madre Superiora permitiu que eles se casem no col\u00e9gio. A professora conta ainda que convidou Fabiana para ser sua madrinha de casamento. Juju revela para a m\u00e3e que est\u00e1 com saudade de Zeca e acha melhor [&hellip;]<\/p>\n","protected":false},"author":2,"featured_media":210453,"comment_status":"closed","ping_status":"closed","sticky":false,"template":"","format":"standard","meta":{"_genesis_hide_title":false,"_genesis_hide_breadcrumbs":false,"_genesis_hide_singular_image":false,"_genesis_hide_footer_widgets":false,"_genesis_custom_body_class":"","_genesis_custom_post_class":"","_genesis_layout":"","_jetpack_memberships_contains_paid_content":false,"footnotes":""},"categories":[452,379,2025,372,343],"tags":[441],"class_list":{"0":"post-216679","1":"post","2":"type-post","3":"status-publish","4":"format-standard","5":"has-post-thumbnail","7":"category-carinha-de-anjo","8":"category-novelas","9":"category-resumo","10":"category-sbt","11":"category-televisao","12":"tag-resumo-do-dia","13":"entry","14":"gs-1","15":"gs-odd","16":"gs-even","17":"gs-featured-content-entry"},"jetpack_featured_media_url":"https:\/\/www.redenoticia.com.br\/noticia\/imagens\/carinha-de-anjo-resumo-novela-sbt-elenco-infantil.jpeg","jetpack_sharing_enabled":true,"jetpack_likes_enabled":true,"_links":{"self":[{"href":"https:\/\/www.redenoticia.com.br\/noticia\/wp-json\/wp\/v2\/posts\/216679","targetHints":{"allow":["GET"]}}],"collection":[{"href":"https:\/\/www.redenoticia.com.br\/noticia\/wp-json\/wp\/v2\/posts"}],"about":[{"href":"https:\/\/www.redenoticia.com.br\/noticia\/wp-json\/wp\/v2\/types\/post"}],"author":[{"embeddable":true,"href":"https:\/\/www.redenoticia.com.br\/noticia\/wp-json\/wp\/v2\/users\/2"}],"replies":[{"embeddable":true,"href":"https:\/\/www.redenoticia.com.br\/noticia\/wp-json\/wp\/v2\/comments?post=216679"}],"version-history":[{"count":0,"href":"https:\/\/www.redenoticia.com.br\/noticia\/wp-json\/wp\/v2\/posts\/216679\/revisions"}],"wp:featuredmedia":[{"embeddable":true,"href":"https:\/\/www.redenoticia.com.br\/noticia\/wp-json\/wp\/v2\/media\/210453"}],"wp:attachment":[{"href":"https:\/\/www.redenoticia.com.br\/noticia\/wp-json\/wp\/v2\/media?parent=216679"}],"wp:term":[{"taxonomy":"category","embeddable":true,"href":"https:\/\/www.redenoticia.com.br\/noticia\/wp-json\/wp\/v2\/categories?post=216679"},{"taxonomy":"post_tag","embeddable":true,"href":"https:\/\/www.redenoticia.com.br\/noticia\/wp-json\/wp\/v2\/tags?post=216679"}],"curies":[{"name":"wp","href":"https:\/\/api.w.org\/{rel}","templated":true}]}}