{"id":216504,"date":"2022-02-22T15:08:17","date_gmt":"2022-02-22T18:08:17","guid":{"rendered":"https:\/\/www.redenoticia.com.br\/noticia\/?p=216504"},"modified":"2022-02-22T15:08:17","modified_gmt":"2022-02-22T18:08:17","slug":"resumo-carinha-de-anjo-23-02-inacio-pede-demissao","status":"publish","type":"post","link":"https:\/\/www.redenoticia.com.br\/noticia\/2022\/resumo-carinha-de-anjo-23-02-inacio-pede-demissao\/216504","title":{"rendered":"Resumo \u201cCarinha De Anjo\u201d 23\/02: In\u00e1cio pede demiss\u00e3o"},"content":{"rendered":"<p><img loading=\"lazy\" decoding=\"async\" class=\"aligncenter size-full wp-image-210452\" src=\"https:\/\/www.redenoticia.com.br\/noticia\/imagens\/carinha-de-anjo-novela-sbt-elenco-infantil.jpeg\" alt=\"\" width=\"1280\" height=\"720\" srcset=\"https:\/\/www.redenoticia.com.br\/noticia\/imagens\/carinha-de-anjo-novela-sbt-elenco-infantil.jpeg 1280w, https:\/\/www.redenoticia.com.br\/noticia\/imagens\/carinha-de-anjo-novela-sbt-elenco-infantil-250x140.jpeg 250w, https:\/\/www.redenoticia.com.br\/noticia\/imagens\/carinha-de-anjo-novela-sbt-elenco-infantil-400x225.jpeg 400w, https:\/\/www.redenoticia.com.br\/noticia\/imagens\/carinha-de-anjo-novela-sbt-elenco-infantil-768x432.jpeg 768w, https:\/\/www.redenoticia.com.br\/noticia\/imagens\/carinha-de-anjo-novela-sbt-elenco-infantil-150x85.jpeg 150w\" sizes=\"auto, (max-width: 1280px) 100vw, 1280px\" \/><\/p>\n<p><strong><em>Resumo da novela \u201cCarinha De Anjo\u201d<\/em><\/strong> em 23\/02: no cap\u00edtulo 120(*) da novela, Vitor v\u00ea Estef\u00e2nia preparando o pr\u00f3ximo presente que enviar\u00e1 para Diana e diz que o plano pode dar errado, pois homens s\u00e3o orgulhosos. Cec\u00edlia e Gustavo conversam sobre trazer Dulce para morar de vez com eles depois do casamento. Dulce e Fabiana conversam sobre o plano para juntar In\u00e1cio e Diana. Frida ouve tudo.<\/p>\n<p>Durante a aula Frida cochicha para Dulce que acha que o casal est\u00e1 junto novamente. F\u00e1tima diz a Peixoto e Ribeiro que Leonardo est\u00e1 em Doce Horizonte. In\u00e1cio chega na casa de Diana com mais um presente enviado a ela por um an\u00f4nimo. Ele diz que jamais pensou que ela se envolveria com outro estando casada. Leonardo convida Silvana para almo\u00e7ar. In\u00e1cio e Diana brigam feio.<\/p>\n<p>Flavio e Haydee reviram sua casa em busca do contrato do aluguel do apartamento, mas n\u00e3o encontram. Gustavo e Cec\u00edlia conversam com a Madre sobre levar Dulce para morar em sua casa depois do casamento. Ela promete pensar com carinho nesse pedido.<\/p>\n<p>Pascoal encontra In\u00e1cio cabisbaixo. Ele diz que sua esposa o traiu, por isso ele pedir\u00e1 demiss\u00e3o e sair\u00e1 de casa. Frida ouve a conversa e conta para B\u00e1rbara. Frida diz que falar\u00e1 tamb\u00e9m para Dulce e Fabiana, para ganhar a confian\u00e7a delas. Cec\u00edlia vai \u00e0 casa de Diana e a encontra chorando. Diana diz que suspeita que a pessoa que est\u00e1 enviando os presentes quer acabar com seu relacionamento. Ela se levanta e sente uma tontura.<\/p>\n<p>Frida conta para Dulce e Fabiana o que ouviu. Fabiana fica muito preocupada. Nicole se prepara para sequestrar Dulce Maria. Frida recomenda que Dulce e Fabiana pe\u00e7am a Cec\u00edlia para falar com o casal. In\u00e1cio pede demiss\u00e3o para Madre Superiora. Ele diz que ir\u00e1 embora com Zeca no dia seguinte.<\/p>\n<p>Leonardo almo\u00e7a com Silvana, que fala tudo sobre a empresa para ele. Silvestre encontra um antigo \u00e1lbum de fotos da fam\u00edlia L\u00e1rios e mostra a foto de Leonardo adolescente para Franciely. Franciely acha a fisionomia dele familiar. Fabiana e Dulce v\u00e3o atr\u00e1s de Cec\u00edlia na casa de Diana. Chegando l\u00e1, elas confessam que foram elas que mandaram os presentes.<\/p>\n<p>(*) edi\u00e7\u00e3o das novelas do SBT, \u201cCarinha De Anjo\u201d, sujeito a altera\u00e7\u00e3o de data e conte\u00fado.<\/p>\n<p>Sinopse \u201cCarinha De Anjo\u201d: Dulce Maria \u00e9 uma menina doce, ingenua, inteligente e alegre de 5 anos de idade. \u00c9 brincalhona, aventureira e extremamente curiosa. Diverte a todos com seus coment\u00e1rios e perguntas indiscretas e surpreende com suas descobertas.<\/p>\n<p>Ela \u00e9 filha \u00fanica de Gustavo L\u00e1rios (Carlo Porto), bem-sucedido empres\u00e1rio da cafeicultura brasileira, e da mexicana Teresa Rezende L\u00e1rios (Lucero), m\u00e3e acolhedora de s\u00e1bios conselhos e voz ador\u00e1vel, que faleceu num acidente quando Dulce Maria tinha apenas 3 anos de idade. Traumatizado com a trag\u00e9dia, Gustavo deixou a filha no col\u00e9gio interno.<\/p>\n","protected":false},"excerpt":{"rendered":"<p>Resumo da novela \u201cCarinha De Anjo\u201d em 23\/02: no cap\u00edtulo 120(*) da novela, Vitor v\u00ea Estef\u00e2nia preparando o pr\u00f3ximo presente que enviar\u00e1 para Diana e diz que o plano pode dar errado, pois homens s\u00e3o orgulhosos. Cec\u00edlia e Gustavo conversam sobre trazer Dulce para morar de vez com eles depois do casamento. Dulce e Fabiana [&hellip;]<\/p>\n","protected":false},"author":4,"featured_media":210453,"comment_status":"closed","ping_status":"closed","sticky":false,"template":"","format":"standard","meta":{"_genesis_hide_title":false,"_genesis_hide_breadcrumbs":false,"_genesis_hide_singular_image":false,"_genesis_hide_footer_widgets":false,"_genesis_custom_body_class":"","_genesis_custom_post_class":"","_genesis_layout":"","_jetpack_memberships_contains_paid_content":false,"footnotes":""},"categories":[452,379,2025,372,343],"tags":[441],"class_list":{"0":"post-216504","1":"post","2":"type-post","3":"status-publish","4":"format-standard","5":"has-post-thumbnail","7":"category-carinha-de-anjo","8":"category-novelas","9":"category-resumo","10":"category-sbt","11":"category-televisao","12":"tag-resumo-do-dia","13":"entry","14":"gs-1","15":"gs-odd","16":"gs-even","17":"gs-featured-content-entry"},"jetpack_featured_media_url":"https:\/\/www.redenoticia.com.br\/noticia\/imagens\/carinha-de-anjo-resumo-novela-sbt-elenco-infantil.jpeg","jetpack_sharing_enabled":true,"jetpack_likes_enabled":true,"_links":{"self":[{"href":"https:\/\/www.redenoticia.com.br\/noticia\/wp-json\/wp\/v2\/posts\/216504","targetHints":{"allow":["GET"]}}],"collection":[{"href":"https:\/\/www.redenoticia.com.br\/noticia\/wp-json\/wp\/v2\/posts"}],"about":[{"href":"https:\/\/www.redenoticia.com.br\/noticia\/wp-json\/wp\/v2\/types\/post"}],"author":[{"embeddable":true,"href":"https:\/\/www.redenoticia.com.br\/noticia\/wp-json\/wp\/v2\/users\/4"}],"replies":[{"embeddable":true,"href":"https:\/\/www.redenoticia.com.br\/noticia\/wp-json\/wp\/v2\/comments?post=216504"}],"version-history":[{"count":0,"href":"https:\/\/www.redenoticia.com.br\/noticia\/wp-json\/wp\/v2\/posts\/216504\/revisions"}],"wp:featuredmedia":[{"embeddable":true,"href":"https:\/\/www.redenoticia.com.br\/noticia\/wp-json\/wp\/v2\/media\/210453"}],"wp:attachment":[{"href":"https:\/\/www.redenoticia.com.br\/noticia\/wp-json\/wp\/v2\/media?parent=216504"}],"wp:term":[{"taxonomy":"category","embeddable":true,"href":"https:\/\/www.redenoticia.com.br\/noticia\/wp-json\/wp\/v2\/categories?post=216504"},{"taxonomy":"post_tag","embeddable":true,"href":"https:\/\/www.redenoticia.com.br\/noticia\/wp-json\/wp\/v2\/tags?post=216504"}],"curies":[{"name":"wp","href":"https:\/\/api.w.org\/{rel}","templated":true}]}}